{"id":29085,"date":"2025-11-27T10:09:04","date_gmt":"2025-11-27T08:09:04","guid":{"rendered":"https:\/\/fira.fi\/news\/suomen-ensimmainen-elinkaarihanke-viiden-tahden-ymparistoluokituksella\/"},"modified":"2026-03-06T15:05:51","modified_gmt":"2026-03-06T13:05:51","slug":"finland-first-lifecycle-project-with-five-star-environmental-rating","status":"publish","type":"post","link":"https:\/\/fira.fi\/en\/news-en\/finland-first-lifecycle-project-with-five-star-environmental-rating\/","title":{"rendered":"Rykmentinpuisto School and Daycare \u2013 Finland\u2019s first lifecycle project with a five-star environmental rating."},"content":{"rendered":"\n<section id=\"\" class=\"block block-columns container-fluid bg-class  bg-default\">\n    <div class=\"container\">\n                <div class=\"row \">\n            \n\n<section id=\"\"\n    class=\"col-12 col-lg-4 block-column column-30\">\n    <main class=\"entry-content\">\n        \n\n<section id=\"\" class=\"block block-post-author container-fluid \">\n    <div class=\"container\">\n        <div class=\"row\">\n            <div class=\"col-12\">\n                <main class=\"entry-content\">\n                    \n                                \n                <h2 class=\"h5\">Kategoriat<\/h2>\n\n                <div class=\"categories\">\n                                            <div class=\"button-fake\">Commercial construction<\/div>\n                                                <div class=\"button-fake\">Corporate responsibility<\/div>\n                                                <div class=\"button-fake\">News<\/div>\n                                            <\/div>\n                    \n                <\/main>\n            <\/div>\n        <\/div>\n    <\/div>\n<\/section>\n\n\n    <\/main>\n<\/section>\n\n\n<section id=\"\"\n    class=\"col-12  col-lg-8 block-column column-70\">\n    <main class=\"entry-content\">\n        \n\n<p class=\"is-style-lead\">The Environmental Classification by Rakennustieto is a tool designed for Finnish conditions. It guides construction and property maintenance according to sustainable development principles. An environmentally friendly building saves water and energy, reduces carbon emissions, and brings significant savings throughout its lifecycle. In addition, the classification also addresses aspects such as indoor air quality.<\/p>\n\n\n\n<p>&#8211; The five-star rating was achieved mainly through a combination of strong project development, thorough pre-planning, smart design solutions, and high-quality execution by a skilled team. We have solid expertise in environmental responsibility, says <strong>Panu Pohjola<\/strong>, Director of Fira\u2019s Commercial Construction Business.<\/p>\n\n\n\n<p>In addition to Fira\u2019s already high environmental process standards, extra efforts were made to meet the requirements of the environmental classification. This included ensuring compliance with the criteria, monitoring, and documentation. The lifecycle carbon footprint of Rykmentinpuisto is 20% lower than the reference value.<\/p>\n\n\n\n<p>&#8211; Construction has a significant climate impact, and we have the ability to influence it. Caverion designs, implements, and provides technical building solutions to help customers achieve energy efficiency and climate goals. Ensuring the proper functioning of building systems during implementation plays a key role in meeting Rakennustieto\u2019s environmental classification and in managing lifecycle costs and conditions, says <strong>Jani Orava<\/strong>, Business Manager at Caverion.<\/p>\n\n\n\n<p>&#8211; The project, carried out by the same team, provided valuable lessons and new innovations that were applied in Rykmentinpuisto. In addition, the site and the entire project had active communication and smooth collaboration between all parties. Working together makes a big difference, says <strong>Jarkko Kella<\/strong>, Project Manager at Fira.<\/p>\n\n\n\n<p>&#8211; We thank our client, the Municipality of Tuusula, and our partners Fira and Ramboll for excellent cooperation on this project. It is a great pleasure to achieve a shared goal that promotes better well-being for both the environment and people. We have previously delivered projects with a four-star environmental rating. This time, we set an ambitious goal to reach five stars. To achieve this, we went beyond standard practices and carried out lifecycle cost calculations and determined the building\u2019s baseline energy consumption, says <strong>Tomi Nurminen<\/strong>, Project Development Manager at Caverion.<\/p>\n\n\n\n<p>Fira acted as the main contractor for the Rykmentinpuisto school and daycare project, while Caverion was responsible for the design and implementation of building systems and will handle property maintenance and planned energy consumption for the next 20 years.<\/p>\n\n\n\n<p>&nbsp;<em>A campus of over 15,000 gross square meters for 1,200 children and students was built in Tuusula\u2019s Rykmentinpuisto as a lifecycle project. It includes design and construction work as well as maintenance services for 20 years. Construction started in summer 2023, and the school opened in August 2025. The environmental classification audit was completed in November 2025.<\/em><\/p>\n\n\n\n<p><em>Fira and Caverion\u2019s previous joint lifecycle project, Stadin Vocational College in Myllypuro, achieved a four-star environmental rating.<\/em><\/p>\n\n\n    <\/main>\n<\/section>\n\n        <\/div>\n    <\/div>\n<\/section>\n\n\n<section id=\"\" class=\"block block-image-carousel container-fluid bg-default\" data-slides=\"[{&quot;image&quot;:{&quot;ID&quot;:27783,&quot;id&quot;:27783,&quot;title&quot;:&quot;Rykmentinpuiston-koulu-1&quot;,&quot;filename&quot;:&quot;Rykmentinpuiston-koulu-1.jpg&quot;,&quot;filesize&quot;:355128,&quot;url&quot;:&quot;https:\\\/\\\/fira.fi\\\/wp-content\\\/uploads\\\/2024\\\/10\\\/Rykmentinpuiston-koulu-1.jpg&quot;,&quot;link&quot;:&quot;https:\\\/\\\/fira.fi\\\/en\\\/?attachment_id=27783&quot;,&quot;alt&quot;:&quot;&quot;,&quot;author&quot;:&quot;2&quot;,&quot;description&quot;:&quot;&quot;,&quot;caption&quot;:&quot;&quot;,&quot;name&quot;:&quot;rykmentinpuiston-koulu-1-2&quot;,&quot;status&quot;:&quot;inherit&quot;,&quot;uploaded_to&quot;:24903,&quot;date&quot;:&quot;2025-08-06 13:08:10&quot;,&quot;modified&quot;:&quot;2025-08-06 13:08:10&quot;,&quot;menu_order&quot;:0,&quot;mime_type&quot;:&quot;image\\\/jpeg&quot;,&quot;type&quot;:&quot;image&quot;,&quot;subtype&quot;:&quot;jpeg&quot;,&quot;icon&quot;:&quot;https:\\\/\\\/fira.fi\\\/wp-includes\\\/images\\\/media\\\/default.png&quot;,&quot;width&quot;:1980,&quot;height&quot;:1280,&quot;sizes&quot;:{&quot;thumbnail&quot;:&quot;https:\\\/\\\/fira.fi\\\/wp-content\\\/uploads\\\/2024\\\/10\\\/Rykmentinpuiston-koulu-1-150x97.jpg&quot;,&quot;thumbnail-width&quot;:150,&quot;thumbnail-height&quot;:97,&quot;medium&quot;:&quot;https:\\\/\\\/fira.fi\\\/wp-content\\\/uploads\\\/2024\\\/10\\\/Rykmentinpuiston-koulu-1-300x194.jpg&quot;,&quot;medium-width&quot;:300,&quot;medium-height&quot;:194,&quot;medium_large&quot;:&quot;https:\\\/\\\/fira.fi\\\/wp-content\\\/uploads\\\/2024\\\/10\\\/Rykmentinpuiston-koulu-1-768x496.jpg&quot;,&quot;medium_large-width&quot;:768,&quot;medium_large-height&quot;:496,&quot;large&quot;:&quot;https:\\\/\\\/fira.fi\\\/wp-content\\\/uploads\\\/2024\\\/10\\\/Rykmentinpuiston-koulu-1-1024x662.jpg&quot;,&quot;large-width&quot;:840,&quot;large-height&quot;:543,&quot;1536x1536&quot;:&quot;https:\\\/\\\/fira.fi\\\/wp-content\\\/uploads\\\/2024\\\/10\\\/Rykmentinpuiston-koulu-1-1536x993.jpg&quot;,&quot;1536x1536-width&quot;:1536,&quot;1536x1536-height&quot;:993,&quot;2048x2048&quot;:&quot;https:\\\/\\\/fira.fi\\\/wp-content\\\/uploads\\\/2024\\\/10\\\/Rykmentinpuiston-koulu-1.jpg&quot;,&quot;2048x2048-width&quot;:1980,&quot;2048x2048-height&quot;:1280,&quot;post-thumbnail&quot;:&quot;https:\\\/\\\/fira.fi\\\/wp-content\\\/uploads\\\/2024\\\/10\\\/Rykmentinpuiston-koulu-1-1920x1241.jpg&quot;,&quot;post-thumbnail-width&quot;:1920,&quot;post-thumbnail-height&quot;:1241,&quot;gform-image-choice-sm&quot;:&quot;https:\\\/\\\/fira.fi\\\/wp-content\\\/uploads\\\/2024\\\/10\\\/Rykmentinpuiston-koulu-1.jpg&quot;,&quot;gform-image-choice-sm-width&quot;:300,&quot;gform-image-choice-sm-height&quot;:194,&quot;gform-image-choice-md&quot;:&quot;https:\\\/\\\/fira.fi\\\/wp-content\\\/uploads\\\/2024\\\/10\\\/Rykmentinpuiston-koulu-1.jpg&quot;,&quot;gform-image-choice-md-width&quot;:400,&quot;gform-image-choice-md-height&quot;:259,&quot;gform-image-choice-lg&quot;:&quot;https:\\\/\\\/fira.fi\\\/wp-content\\\/uploads\\\/2024\\\/10\\\/Rykmentinpuiston-koulu-1.jpg&quot;,&quot;gform-image-choice-lg-width&quot;:600,&quot;gform-image-choice-lg-height&quot;:388}},&quot;desc&quot;:&quot;&quot;},{&quot;image&quot;:{&quot;ID&quot;:27785,&quot;id&quot;:27785,&quot;title&quot;:&quot;Rykmentinpuiston-koulu-2&quot;,&quot;filename&quot;:&quot;Rykmentinpuiston-koulu-2.jpg&quot;,&quot;filesize&quot;:316914,&quot;url&quot;:&quot;https:\\\/\\\/fira.fi\\\/wp-content\\\/uploads\\\/2024\\\/10\\\/Rykmentinpuiston-koulu-2.jpg&quot;,&quot;link&quot;:&quot;https:\\\/\\\/fira.fi\\\/en\\\/?attachment_id=27785&quot;,&quot;alt&quot;:&quot;&quot;,&quot;author&quot;:&quot;2&quot;,&quot;description&quot;:&quot;&quot;,&quot;caption&quot;:&quot;&quot;,&quot;name&quot;:&quot;rykmentinpuiston-koulu-2-2&quot;,&quot;status&quot;:&quot;inherit&quot;,&quot;uploaded_to&quot;:24903,&quot;date&quot;:&quot;2025-08-06 13:08:13&quot;,&quot;modified&quot;:&quot;2025-08-06 13:08:13&quot;,&quot;menu_order&quot;:0,&quot;mime_type&quot;:&quot;image\\\/jpeg&quot;,&quot;type&quot;:&quot;image&quot;,&quot;subtype&quot;:&quot;jpeg&quot;,&quot;icon&quot;:&quot;https:\\\/\\\/fira.fi\\\/wp-includes\\\/images\\\/media\\\/default.png&quot;,&quot;width&quot;:1980,&quot;height&quot;:1280,&quot;sizes&quot;:{&quot;thumbnail&quot;:&quot;https:\\\/\\\/fira.fi\\\/wp-content\\\/uploads\\\/2024\\\/10\\\/Rykmentinpuiston-koulu-2-150x97.jpg&quot;,&quot;thumbnail-width&quot;:150,&quot;thumbnail-height&quot;:97,&quot;medium&quot;:&quot;https:\\\/\\\/fira.fi\\\/wp-content\\\/uploads\\\/2024\\\/10\\\/Rykmentinpuiston-koulu-2-300x194.jpg&quot;,&quot;medium-width&quot;:300,&quot;medium-height&quot;:194,&quot;medium_large&quot;:&quot;https:\\\/\\\/fira.fi\\\/wp-content\\\/uploads\\\/2024\\\/10\\\/Rykmentinpuiston-koulu-2-768x496.jpg&quot;,&quot;medium_large-width&quot;:768,&quot;medium_large-height&quot;:496,&quot;large&quot;:&quot;https:\\\/\\\/fira.fi\\\/wp-content\\\/uploads\\\/2024\\\/10\\\/Rykmentinpuiston-koulu-2-1024x662.jpg&quot;,&quot;large-width&quot;:840,&quot;large-height&quot;:543,&quot;1536x1536&quot;:&quot;https:\\\/\\\/fira.fi\\\/wp-content\\\/uploads\\\/2024\\\/10\\\/Rykmentinpuiston-koulu-2-1536x993.jpg&quot;,&quot;1536x1536-width&quot;:1536,&quot;1536x1536-height&quot;:993,&quot;2048x2048&quot;:&quot;https:\\\/\\\/fira.fi\\\/wp-content\\\/uploads\\\/2024\\\/10\\\/Rykmentinpuiston-koulu-2.jpg&quot;,&quot;2048x2048-width&quot;:1980,&quot;2048x2048-height&quot;:1280,&quot;post-thumbnail&quot;:&quot;https:\\\/\\\/fira.fi\\\/wp-content\\\/uploads\\\/2024\\\/10\\\/Rykmentinpuiston-koulu-2-1920x1241.jpg&quot;,&quot;post-thumbnail-width&quot;:1920,&quot;post-thumbnail-height&quot;:1241,&quot;gform-image-choice-sm&quot;:&quot;https:\\\/\\\/fira.fi\\\/wp-content\\\/uploads\\\/2024\\\/10\\\/Rykmentinpuiston-koulu-2.jpg&quot;,&quot;gform-image-choice-sm-width&quot;:300,&quot;gform-image-choice-sm-height&quot;:194,&quot;gform-image-choice-md&quot;:&quot;https:\\\/\\\/fira.fi\\\/wp-content\\\/uploads\\\/2024\\\/10\\\/Rykmentinpuiston-koulu-2.jpg&quot;,&quot;gform-image-choice-md-width&quot;:400,&quot;gform-image-choice-md-height&quot;:259,&quot;gform-image-choice-lg&quot;:&quot;https:\\\/\\\/fira.fi\\\/wp-content\\\/uploads\\\/2024\\\/10\\\/Rykmentinpuiston-koulu-2.jpg&quot;,&quot;gform-image-choice-lg-width&quot;:600,&quot;gform-image-choice-lg-height&quot;:388}},&quot;desc&quot;:&quot;&quot;},{&quot;image&quot;:{&quot;ID&quot;:27787,&quot;id&quot;:27787,&quot;title&quot;:&quot;Rykmentinpuiston-koulu-3&quot;,&quot;filename&quot;:&quot;Rykmentinpuiston-koulu-3.jpg&quot;,&quot;filesize&quot;:339133,&quot;url&quot;:&quot;https:\\\/\\\/fira.fi\\\/wp-content\\\/uploads\\\/2024\\\/10\\\/Rykmentinpuiston-koulu-3.jpg&quot;,&quot;link&quot;:&quot;https:\\\/\\\/fira.fi\\\/en\\\/?attachment_id=27787&quot;,&quot;alt&quot;:&quot;&quot;,&quot;author&quot;:&quot;2&quot;,&quot;description&quot;:&quot;&quot;,&quot;caption&quot;:&quot;&quot;,&quot;name&quot;:&quot;rykmentinpuiston-koulu-3-2&quot;,&quot;status&quot;:&quot;inherit&quot;,&quot;uploaded_to&quot;:24903,&quot;date&quot;:&quot;2025-08-06 13:08:15&quot;,&quot;modified&quot;:&quot;2025-08-06 13:08:15&quot;,&quot;menu_order&quot;:0,&quot;mime_type&quot;:&quot;image\\\/jpeg&quot;,&quot;type&quot;:&quot;image&quot;,&quot;subtype&quot;:&quot;jpeg&quot;,&quot;icon&quot;:&quot;https:\\\/\\\/fira.fi\\\/wp-includes\\\/images\\\/media\\\/default.png&quot;,&quot;width&quot;:1980,&quot;height&quot;:1280,&quot;sizes&quot;:{&quot;thumbnail&quot;:&quot;https:\\\/\\\/fira.fi\\\/wp-content\\\/uploads\\\/2024\\\/10\\\/Rykmentinpuiston-koulu-3-150x97.jpg&quot;,&quot;thumbnail-width&quot;:150,&quot;thumbnail-height&quot;:97,&quot;medium&quot;:&quot;https:\\\/\\\/fira.fi\\\/wp-content\\\/uploads\\\/2024\\\/10\\\/Rykmentinpuiston-koulu-3-300x194.jpg&quot;,&quot;medium-width&quot;:300,&quot;medium-height&quot;:194,&quot;medium_large&quot;:&quot;https:\\\/\\\/fira.fi\\\/wp-content\\\/uploads\\\/2024\\\/10\\\/Rykmentinpuiston-koulu-3-768x496.jpg&quot;,&quot;medium_large-width&quot;:768,&quot;medium_large-height&quot;:496,&quot;large&quot;:&quot;https:\\\/\\\/fira.fi\\\/wp-content\\\/uploads\\\/2024\\\/10\\\/Rykmentinpuiston-koulu-3-1024x662.jpg&quot;,&quot;large-width&quot;:840,&quot;large-height&quot;:543,&quot;1536x1536&quot;:&quot;https:\\\/\\\/fira.fi\\\/wp-content\\\/uploads\\\/2024\\\/10\\\/Rykmentinpuiston-koulu-3-1536x993.jpg&quot;,&quot;1536x1536-width&quot;:1536,&quot;1536x1536-height&quot;:993,&quot;2048x2048&quot;:&quot;https:\\\/\\\/fira.fi\\\/wp-content\\\/uploads\\\/2024\\\/10\\\/Rykmentinpuiston-koulu-3.jpg&quot;,&quot;2048x2048-width&quot;:1980,&quot;2048x2048-height&quot;:1280,&quot;post-thumbnail&quot;:&quot;https:\\\/\\\/fira.fi\\\/wp-content\\\/uploads\\\/2024\\\/10\\\/Rykmentinpuiston-koulu-3-1920x1241.jpg&quot;,&quot;post-thumbnail-width&quot;:1920,&quot;post-thumbnail-height&quot;:1241,&quot;gform-image-choice-sm&quot;:&quot;https:\\\/\\\/fira.fi\\\/wp-content\\\/uploads\\\/2024\\\/10\\\/Rykmentinpuiston-koulu-3.jpg&quot;,&quot;gform-image-choice-sm-width&quot;:300,&quot;gform-image-choice-sm-height&quot;:194,&quot;gform-image-choice-md&quot;:&quot;https:\\\/\\\/fira.fi\\\/wp-content\\\/uploads\\\/2024\\\/10\\\/Rykmentinpuiston-koulu-3.jpg&quot;,&quot;gform-image-choice-md-width&quot;:400,&quot;gform-image-choice-md-height&quot;:259,&quot;gform-image-choice-lg&quot;:&quot;https:\\\/\\\/fira.fi\\\/wp-content\\\/uploads\\\/2024\\\/10\\\/Rykmentinpuiston-koulu-3.jpg&quot;,&quot;gform-image-choice-lg-width&quot;:600,&quot;gform-image-choice-lg-height&quot;:388}},&quot;desc&quot;:&quot;&quot;},{&quot;image&quot;:{&quot;ID&quot;:27789,&quot;id&quot;:27789,&quot;title&quot;:&quot;Rykmentinpuiston-koulu-4&quot;,&quot;filename&quot;:&quot;Rykmentinpuiston-koulu-4.jpg&quot;,&quot;filesize&quot;:354214,&quot;url&quot;:&quot;https:\\\/\\\/fira.fi\\\/wp-content\\\/uploads\\\/2024\\\/10\\\/Rykmentinpuiston-koulu-4.jpg&quot;,&quot;link&quot;:&quot;https:\\\/\\\/fira.fi\\\/en\\\/?attachment_id=27789&quot;,&quot;alt&quot;:&quot;&quot;,&quot;author&quot;:&quot;2&quot;,&quot;description&quot;:&quot;&quot;,&quot;caption&quot;:&quot;&quot;,&quot;name&quot;:&quot;rykmentinpuiston-koulu-4-2&quot;,&quot;status&quot;:&quot;inherit&quot;,&quot;uploaded_to&quot;:24903,&quot;date&quot;:&quot;2025-08-06 13:08:17&quot;,&quot;modified&quot;:&quot;2025-08-06 13:08:17&quot;,&quot;menu_order&quot;:0,&quot;mime_type&quot;:&quot;image\\\/jpeg&quot;,&quot;type&quot;:&quot;image&quot;,&quot;subtype&quot;:&quot;jpeg&quot;,&quot;icon&quot;:&quot;https:\\\/\\\/fira.fi\\\/wp-includes\\\/images\\\/media\\\/default.png&quot;,&quot;width&quot;:1980,&quot;height&quot;:1280,&quot;sizes&quot;:{&quot;thumbnail&quot;:&quot;https:\\\/\\\/fira.fi\\\/wp-content\\\/uploads\\\/2024\\\/10\\\/Rykmentinpuiston-koulu-4-150x97.jpg&quot;,&quot;thumbnail-width&quot;:150,&quot;thumbnail-height&quot;:97,&quot;medium&quot;:&quot;https:\\\/\\\/fira.fi\\\/wp-content\\\/uploads\\\/2024\\\/10\\\/Rykmentinpuiston-koulu-4-300x194.jpg&quot;,&quot;medium-width&quot;:300,&quot;medium-height&quot;:194,&quot;medium_large&quot;:&quot;https:\\\/\\\/fira.fi\\\/wp-content\\\/uploads\\\/2024\\\/10\\\/Rykmentinpuiston-koulu-4-768x496.jpg&quot;,&quot;medium_large-width&quot;:768,&quot;medium_large-height&quot;:496,&quot;large&quot;:&quot;https:\\\/\\\/fira.fi\\\/wp-content\\\/uploads\\\/2024\\\/10\\\/Rykmentinpuiston-koulu-4-1024x662.jpg&quot;,&quot;large-width&quot;:840,&quot;large-height&quot;:543,&quot;1536x1536&quot;:&quot;https:\\\/\\\/fira.fi\\\/wp-content\\\/uploads\\\/2024\\\/10\\\/Rykmentinpuiston-koulu-4-1536x993.jpg&quot;,&quot;1536x1536-width&quot;:1536,&quot;1536x1536-height&quot;:993,&quot;2048x2048&quot;:&quot;https:\\\/\\\/fira.fi\\\/wp-content\\\/uploads\\\/2024\\\/10\\\/Rykmentinpuiston-koulu-4.jpg&quot;,&quot;2048x2048-width&quot;:1980,&quot;2048x2048-height&quot;:1280,&quot;post-thumbnail&quot;:&quot;https:\\\/\\\/fira.fi\\\/wp-content\\\/uploads\\\/2024\\\/10\\\/Rykmentinpuiston-koulu-4-1920x1241.jpg&quot;,&quot;post-thumbnail-width&quot;:1920,&quot;post-thumbnail-height&quot;:1241,&quot;gform-image-choice-sm&quot;:&quot;https:\\\/\\\/fira.fi\\\/wp-content\\\/uploads\\\/2024\\\/10\\\/Rykmentinpuiston-koulu-4.jpg&quot;,&quot;gform-image-choice-sm-width&quot;:300,&quot;gform-image-choice-sm-height&quot;:194,&quot;gform-image-choice-md&quot;:&quot;https:\\\/\\\/fira.fi\\\/wp-content\\\/uploads\\\/2024\\\/10\\\/Rykmentinpuiston-koulu-4.jpg&quot;,&quot;gform-image-choice-md-width&quot;:400,&quot;gform-image-choice-md-height&quot;:259,&quot;gform-image-choice-lg&quot;:&quot;https:\\\/\\\/fira.fi\\\/wp-content\\\/uploads\\\/2024\\\/10\\\/Rykmentinpuiston-koulu-4.jpg&quot;,&quot;gform-image-choice-lg-width&quot;:600,&quot;gform-image-choice-lg-height&quot;:388}},&quot;desc&quot;:&quot;&quot;},{&quot;image&quot;:{&quot;ID&quot;:27791,&quot;id&quot;:27791,&quot;title&quot;:&quot;Rykmentinpuiston-koulu-5&quot;,&quot;filename&quot;:&quot;Rykmentinpuiston-koulu-5.jpg&quot;,&quot;filesize&quot;:361619,&quot;url&quot;:&quot;https:\\\/\\\/fira.fi\\\/wp-content\\\/uploads\\\/2024\\\/10\\\/Rykmentinpuiston-koulu-5.jpg&quot;,&quot;link&quot;:&quot;https:\\\/\\\/fira.fi\\\/en\\\/?attachment_id=27791&quot;,&quot;alt&quot;:&quot;&quot;,&quot;author&quot;:&quot;2&quot;,&quot;description&quot;:&quot;&quot;,&quot;caption&quot;:&quot;&quot;,&quot;name&quot;:&quot;rykmentinpuiston-koulu-5-2&quot;,&quot;status&quot;:&quot;inherit&quot;,&quot;uploaded_to&quot;:24903,&quot;date&quot;:&quot;2025-08-06 13:08:19&quot;,&quot;modified&quot;:&quot;2025-08-06 13:08:19&quot;,&quot;menu_order&quot;:0,&quot;mime_type&quot;:&quot;image\\\/jpeg&quot;,&quot;type&quot;:&quot;image&quot;,&quot;subtype&quot;:&quot;jpeg&quot;,&quot;icon&quot;:&quot;https:\\\/\\\/fira.fi\\\/wp-includes\\\/images\\\/media\\\/default.png&quot;,&quot;width&quot;:1980,&quot;height&quot;:1280,&quot;sizes&quot;:{&quot;thumbnail&quot;:&quot;https:\\\/\\\/fira.fi\\\/wp-content\\\/uploads\\\/2024\\\/10\\\/Rykmentinpuiston-koulu-5-150x97.jpg&quot;,&quot;thumbnail-width&quot;:150,&quot;thumbnail-height&quot;:97,&quot;medium&quot;:&quot;https:\\\/\\\/fira.fi\\\/wp-content\\\/uploads\\\/2024\\\/10\\\/Rykmentinpuiston-koulu-5-300x194.jpg&quot;,&quot;medium-width&quot;:300,&quot;medium-height&quot;:194,&quot;medium_large&quot;:&quot;https:\\\/\\\/fira.fi\\\/wp-content\\\/uploads\\\/2024\\\/10\\\/Rykmentinpuiston-koulu-5-768x496.jpg&quot;,&quot;medium_large-width&quot;:768,&quot;medium_large-height&quot;:496,&quot;large&quot;:&quot;https:\\\/\\\/fira.fi\\\/wp-content\\\/uploads\\\/2024\\\/10\\\/Rykmentinpuiston-koulu-5-1024x662.jpg&quot;,&quot;large-width&quot;:840,&quot;large-height&quot;:543,&quot;1536x1536&quot;:&quot;https:\\\/\\\/fira.fi\\\/wp-content\\\/uploads\\\/2024\\\/10\\\/Rykmentinpuiston-koulu-5-1536x993.jpg&quot;,&quot;1536x1536-width&quot;:1536,&quot;1536x1536-height&quot;:993,&quot;2048x2048&quot;:&quot;https:\\\/\\\/fira.fi\\\/wp-content\\\/uploads\\\/2024\\\/10\\\/Rykmentinpuiston-koulu-5.jpg&quot;,&quot;2048x2048-width&quot;:1980,&quot;2048x2048-height&quot;:1280,&quot;post-thumbnail&quot;:&quot;https:\\\/\\\/fira.fi\\\/wp-content\\\/uploads\\\/2024\\\/10\\\/Rykmentinpuiston-koulu-5-1920x1241.jpg&quot;,&quot;post-thumbnail-width&quot;:1920,&quot;post-thumbnail-height&quot;:1241,&quot;gform-image-choice-sm&quot;:&quot;https:\\\/\\\/fira.fi\\\/wp-content\\\/uploads\\\/2024\\\/10\\\/Rykmentinpuiston-koulu-5.jpg&quot;,&quot;gform-image-choice-sm-width&quot;:300,&quot;gform-image-choice-sm-height&quot;:194,&quot;gform-image-choice-md&quot;:&quot;https:\\\/\\\/fira.fi\\\/wp-content\\\/uploads\\\/2024\\\/10\\\/Rykmentinpuiston-koulu-5.jpg&quot;,&quot;gform-image-choice-md-width&quot;:400,&quot;gform-image-choice-md-height&quot;:259,&quot;gform-image-choice-lg&quot;:&quot;https:\\\/\\\/fira.fi\\\/wp-content\\\/uploads\\\/2024\\\/10\\\/Rykmentinpuiston-koulu-5.jpg&quot;,&quot;gform-image-choice-lg-width&quot;:600,&quot;gform-image-choice-lg-height&quot;:388}},&quot;desc&quot;:&quot;&quot;},{&quot;image&quot;:{&quot;ID&quot;:27793,&quot;id&quot;:27793,&quot;title&quot;:&quot;Rykmentinpuiston-koulu-6&quot;,&quot;filename&quot;:&quot;Rykmentinpuiston-koulu-6.jpg&quot;,&quot;filesize&quot;:267572,&quot;url&quot;:&quot;https:\\\/\\\/fira.fi\\\/wp-content\\\/uploads\\\/2024\\\/10\\\/Rykmentinpuiston-koulu-6.jpg&quot;,&quot;link&quot;:&quot;https:\\\/\\\/fira.fi\\\/en\\\/?attachment_id=27793&quot;,&quot;alt&quot;:&quot;&quot;,&quot;author&quot;:&quot;2&quot;,&quot;description&quot;:&quot;&quot;,&quot;caption&quot;:&quot;&quot;,&quot;name&quot;:&quot;rykmentinpuiston-koulu-6-2&quot;,&quot;status&quot;:&quot;inherit&quot;,&quot;uploaded_to&quot;:24903,&quot;date&quot;:&quot;2025-08-06 13:08:21&quot;,&quot;modified&quot;:&quot;2025-08-06 13:08:21&quot;,&quot;menu_order&quot;:0,&quot;mime_type&quot;:&quot;image\\\/jpeg&quot;,&quot;type&quot;:&quot;image&quot;,&quot;subtype&quot;:&quot;jpeg&quot;,&quot;icon&quot;:&quot;https:\\\/\\\/fira.fi\\\/wp-includes\\\/images\\\/media\\\/default.png&quot;,&quot;width&quot;:1980,&quot;height&quot;:1280,&quot;sizes&quot;:{&quot;thumbnail&quot;:&quot;https:\\\/\\\/fira.fi\\\/wp-content\\\/uploads\\\/2024\\\/10\\\/Rykmentinpuiston-koulu-6-150x97.jpg&quot;,&quot;thumbnail-width&quot;:150,&quot;thumbnail-height&quot;:97,&quot;medium&quot;:&quot;https:\\\/\\\/fira.fi\\\/wp-content\\\/uploads\\\/2024\\\/10\\\/Rykmentinpuiston-koulu-6-300x194.jpg&quot;,&quot;medium-width&quot;:300,&quot;medium-height&quot;:194,&quot;medium_large&quot;:&quot;https:\\\/\\\/fira.fi\\\/wp-content\\\/uploads\\\/2024\\\/10\\\/Rykmentinpuiston-koulu-6-768x496.jpg&quot;,&quot;medium_large-width&quot;:768,&quot;medium_large-height&quot;:496,&quot;large&quot;:&quot;https:\\\/\\\/fira.fi\\\/wp-content\\\/uploads\\\/2024\\\/10\\\/Rykmentinpuiston-koulu-6-1024x662.jpg&quot;,&quot;large-width&quot;:840,&quot;large-height&quot;:543,&quot;1536x1536&quot;:&quot;https:\\\/\\\/fira.fi\\\/wp-content\\\/uploads\\\/2024\\\/10\\\/Rykmentinpuiston-koulu-6-1536x993.jpg&quot;,&quot;1536x1536-width&quot;:1536,&quot;1536x1536-height&quot;:993,&quot;2048x2048&quot;:&quot;https:\\\/\\\/fira.fi\\\/wp-content\\\/uploads\\\/2024\\\/10\\\/Rykmentinpuiston-koulu-6.jpg&quot;,&quot;2048x2048-width&quot;:1980,&quot;2048x2048-height&quot;:1280,&quot;post-thumbnail&quot;:&quot;https:\\\/\\\/fira.fi\\\/wp-content\\\/uploads\\\/2024\\\/10\\\/Rykmentinpuiston-koulu-6-1920x1241.jpg&quot;,&quot;post-thumbnail-width&quot;:1920,&quot;post-thumbnail-height&quot;:1241,&quot;gform-image-choice-sm&quot;:&quot;https:\\\/\\\/fira.fi\\\/wp-content\\\/uploads\\\/2024\\\/10\\\/Rykmentinpuiston-koulu-6.jpg&quot;,&quot;gform-image-choice-sm-width&quot;:300,&quot;gform-image-choice-sm-height&quot;:194,&quot;gform-image-choice-md&quot;:&quot;https:\\\/\\\/fira.fi\\\/wp-content\\\/uploads\\\/2024\\\/10\\\/Rykmentinpuiston-koulu-6.jpg&quot;,&quot;gform-image-choice-md-width&quot;:400,&quot;gform-image-choice-md-height&quot;:259,&quot;gform-image-choice-lg&quot;:&quot;https:\\\/\\\/fira.fi\\\/wp-content\\\/uploads\\\/2024\\\/10\\\/Rykmentinpuiston-koulu-6.jpg&quot;,&quot;gform-image-choice-lg-width&quot;:600,&quot;gform-image-choice-lg-height&quot;:388}},&quot;desc&quot;:&quot;&quot;},{&quot;image&quot;:{&quot;ID&quot;:27795,&quot;id&quot;:27795,&quot;title&quot;:&quot;Rykmentinpuiston-koulu-7&quot;,&quot;filename&quot;:&quot;Rykmentinpuiston-koulu-7.jpg&quot;,&quot;filesize&quot;:235353,&quot;url&quot;:&quot;https:\\\/\\\/fira.fi\\\/wp-content\\\/uploads\\\/2024\\\/10\\\/Rykmentinpuiston-koulu-7.jpg&quot;,&quot;link&quot;:&quot;https:\\\/\\\/fira.fi\\\/en\\\/?attachment_id=27795&quot;,&quot;alt&quot;:&quot;&quot;,&quot;author&quot;:&quot;2&quot;,&quot;description&quot;:&quot;&quot;,&quot;caption&quot;:&quot;&quot;,&quot;name&quot;:&quot;rykmentinpuiston-koulu-7-2&quot;,&quot;status&quot;:&quot;inherit&quot;,&quot;uploaded_to&quot;:24903,&quot;date&quot;:&quot;2025-08-06 13:08:23&quot;,&quot;modified&quot;:&quot;2025-08-06 13:08:23&quot;,&quot;menu_order&quot;:0,&quot;mime_type&quot;:&quot;image\\\/jpeg&quot;,&quot;type&quot;:&quot;image&quot;,&quot;subtype&quot;:&quot;jpeg&quot;,&quot;icon&quot;:&quot;https:\\\/\\\/fira.fi\\\/wp-includes\\\/images\\\/media\\\/default.png&quot;,&quot;width&quot;:1980,&quot;height&quot;:1280,&quot;sizes&quot;:{&quot;thumbnail&quot;:&quot;https:\\\/\\\/fira.fi\\\/wp-content\\\/uploads\\\/2024\\\/10\\\/Rykmentinpuiston-koulu-7-150x97.jpg&quot;,&quot;thumbnail-width&quot;:150,&quot;thumbnail-height&quot;:97,&quot;medium&quot;:&quot;https:\\\/\\\/fira.fi\\\/wp-content\\\/uploads\\\/2024\\\/10\\\/Rykmentinpuiston-koulu-7-300x194.jpg&quot;,&quot;medium-width&quot;:300,&quot;medium-height&quot;:194,&quot;medium_large&quot;:&quot;https:\\\/\\\/fira.fi\\\/wp-content\\\/uploads\\\/2024\\\/10\\\/Rykmentinpuiston-koulu-7-768x496.jpg&quot;,&quot;medium_large-width&quot;:768,&quot;medium_large-height&quot;:496,&quot;large&quot;:&quot;https:\\\/\\\/fira.fi\\\/wp-content\\\/uploads\\\/2024\\\/10\\\/Rykmentinpuiston-koulu-7-1024x662.jpg&quot;,&quot;large-width&quot;:840,&quot;large-height&quot;:543,&quot;1536x1536&quot;:&quot;https:\\\/\\\/fira.fi\\\/wp-content\\\/uploads\\\/2024\\\/10\\\/Rykmentinpuiston-koulu-7-1536x993.jpg&quot;,&quot;1536x1536-width&quot;:1536,&quot;1536x1536-height&quot;:993,&quot;2048x2048&quot;:&quot;https:\\\/\\\/fira.fi\\\/wp-content\\\/uploads\\\/2024\\\/10\\\/Rykmentinpuiston-koulu-7.jpg&quot;,&quot;2048x2048-width&quot;:1980,&quot;2048x2048-height&quot;:1280,&quot;post-thumbnail&quot;:&quot;https:\\\/\\\/fira.fi\\\/wp-content\\\/uploads\\\/2024\\\/10\\\/Rykmentinpuiston-koulu-7-1920x1241.jpg&quot;,&quot;post-thumbnail-width&quot;:1920,&quot;post-thumbnail-height&quot;:1241,&quot;gform-image-choice-sm&quot;:&quot;https:\\\/\\\/fira.fi\\\/wp-content\\\/uploads\\\/2024\\\/10\\\/Rykmentinpuiston-koulu-7.jpg&quot;,&quot;gform-image-choice-sm-width&quot;:300,&quot;gform-image-choice-sm-height&quot;:194,&quot;gform-image-choice-md&quot;:&quot;https:\\\/\\\/fira.fi\\\/wp-content\\\/uploads\\\/2024\\\/10\\\/Rykmentinpuiston-koulu-7.jpg&quot;,&quot;gform-image-choice-md-width&quot;:400,&quot;gform-image-choice-md-height&quot;:259,&quot;gform-image-choice-lg&quot;:&quot;https:\\\/\\\/fira.fi\\\/wp-content\\\/uploads\\\/2024\\\/10\\\/Rykmentinpuiston-koulu-7.jpg&quot;,&quot;gform-image-choice-lg-width&quot;:600,&quot;gform-image-choice-lg-height&quot;:388}},&quot;desc&quot;:&quot;&quot;},{&quot;image&quot;:{&quot;ID&quot;:27797,&quot;id&quot;:27797,&quot;title&quot;:&quot;Rykmentinpuiston-koulu-8&quot;,&quot;filename&quot;:&quot;Rykmentinpuiston-koulu-8.jpg&quot;,&quot;filesize&quot;:220278,&quot;url&quot;:&quot;https:\\\/\\\/fira.fi\\\/wp-content\\\/uploads\\\/2024\\\/10\\\/Rykmentinpuiston-koulu-8.jpg&quot;,&quot;link&quot;:&quot;https:\\\/\\\/fira.fi\\\/en\\\/?attachment_id=27797&quot;,&quot;alt&quot;:&quot;&quot;,&quot;author&quot;:&quot;2&quot;,&quot;description&quot;:&quot;&quot;,&quot;caption&quot;:&quot;&quot;,&quot;name&quot;:&quot;rykmentinpuiston-koulu-8-2&quot;,&quot;status&quot;:&quot;inherit&quot;,&quot;uploaded_to&quot;:24903,&quot;date&quot;:&quot;2025-08-06 13:08:26&quot;,&quot;modified&quot;:&quot;2025-08-06 13:08:26&quot;,&quot;menu_order&quot;:0,&quot;mime_type&quot;:&quot;image\\\/jpeg&quot;,&quot;type&quot;:&quot;image&quot;,&quot;subtype&quot;:&quot;jpeg&quot;,&quot;icon&quot;:&quot;https:\\\/\\\/fira.fi\\\/wp-includes\\\/images\\\/media\\\/default.png&quot;,&quot;width&quot;:1980,&quot;height&quot;:1280,&quot;sizes&quot;:{&quot;thumbnail&quot;:&quot;https:\\\/\\\/fira.fi\\\/wp-content\\\/uploads\\\/2024\\\/10\\\/Rykmentinpuiston-koulu-8-150x97.jpg&quot;,&quot;thumbnail-width&quot;:150,&quot;thumbnail-height&quot;:97,&quot;medium&quot;:&quot;https:\\\/\\\/fira.fi\\\/wp-content\\\/uploads\\\/2024\\\/10\\\/Rykmentinpuiston-koulu-8-300x194.jpg&quot;,&quot;medium-width&quot;:300,&quot;medium-height&quot;:194,&quot;medium_large&quot;:&quot;https:\\\/\\\/fira.fi\\\/wp-content\\\/uploads\\\/2024\\\/10\\\/Rykmentinpuiston-koulu-8-768x496.jpg&quot;,&quot;medium_large-width&quot;:768,&quot;medium_large-height&quot;:496,&quot;large&quot;:&quot;https:\\\/\\\/fira.fi\\\/wp-content\\\/uploads\\\/2024\\\/10\\\/Rykmentinpuiston-koulu-8-1024x662.jpg&quot;,&quot;large-width&quot;:840,&quot;large-height&quot;:543,&quot;1536x1536&quot;:&quot;https:\\\/\\\/fira.fi\\\/wp-content\\\/uploads\\\/2024\\\/10\\\/Rykmentinpuiston-koulu-8-1536x993.jpg&quot;,&quot;1536x1536-width&quot;:1536,&quot;1536x1536-height&quot;:993,&quot;2048x2048&quot;:&quot;https:\\\/\\\/fira.fi\\\/wp-content\\\/uploads\\\/2024\\\/10\\\/Rykmentinpuiston-koulu-8.jpg&quot;,&quot;2048x2048-width&quot;:1980,&quot;2048x2048-height&quot;:1280,&quot;post-thumbnail&quot;:&quot;https:\\\/\\\/fira.fi\\\/wp-content\\\/uploads\\\/2024\\\/10\\\/Rykmentinpuiston-koulu-8-1920x1241.jpg&quot;,&quot;post-thumbnail-width&quot;:1920,&quot;post-thumbnail-height&quot;:1241,&quot;gform-image-choice-sm&quot;:&quot;https:\\\/\\\/fira.fi\\\/wp-content\\\/uploads\\\/2024\\\/10\\\/Rykmentinpuiston-koulu-8.jpg&quot;,&quot;gform-image-choice-sm-width&quot;:300,&quot;gform-image-choice-sm-height&quot;:194,&quot;gform-image-choice-md&quot;:&quot;https:\\\/\\\/fira.fi\\\/wp-content\\\/uploads\\\/2024\\\/10\\\/Rykmentinpuiston-koulu-8.jpg&quot;,&quot;gform-image-choice-md-width&quot;:400,&quot;gform-image-choice-md-height&quot;:259,&quot;gform-image-choice-lg&quot;:&quot;https:\\\/\\\/fira.fi\\\/wp-content\\\/uploads\\\/2024\\\/10\\\/Rykmentinpuiston-koulu-8.jpg&quot;,&quot;gform-image-choice-lg-width&quot;:600,&quot;gform-image-choice-lg-height&quot;:388}},&quot;desc&quot;:&quot;&quot;},{&quot;image&quot;:{&quot;ID&quot;:27799,&quot;id&quot;:27799,&quot;title&quot;:&quot;Rykmentinpuiston-koulu-9&quot;,&quot;filename&quot;:&quot;Rykmentinpuiston-koulu-9.jpg&quot;,&quot;filesize&quot;:278540,&quot;url&quot;:&quot;https:\\\/\\\/fira.fi\\\/wp-content\\\/uploads\\\/2024\\\/10\\\/Rykmentinpuiston-koulu-9.jpg&quot;,&quot;link&quot;:&quot;https:\\\/\\\/fira.fi\\\/en\\\/?attachment_id=27799&quot;,&quot;alt&quot;:&quot;&quot;,&quot;author&quot;:&quot;2&quot;,&quot;description&quot;:&quot;&quot;,&quot;caption&quot;:&quot;&quot;,&quot;name&quot;:&quot;rykmentinpuiston-koulu-9-2&quot;,&quot;status&quot;:&quot;inherit&quot;,&quot;uploaded_to&quot;:24903,&quot;date&quot;:&quot;2025-08-06 13:08:28&quot;,&quot;modified&quot;:&quot;2025-08-06 13:08:28&quot;,&quot;menu_order&quot;:0,&quot;mime_type&quot;:&quot;image\\\/jpeg&quot;,&quot;type&quot;:&quot;image&quot;,&quot;subtype&quot;:&quot;jpeg&quot;,&quot;icon&quot;:&quot;https:\\\/\\\/fira.fi\\\/wp-includes\\\/images\\\/media\\\/default.png&quot;,&quot;width&quot;:1980,&quot;height&quot;:1280,&quot;sizes&quot;:{&quot;thumbnail&quot;:&quot;https:\\\/\\\/fira.fi\\\/wp-content\\\/uploads\\\/2024\\\/10\\\/Rykmentinpuiston-koulu-9-150x97.jpg&quot;,&quot;thumbnail-width&quot;:150,&quot;thumbnail-height&quot;:97,&quot;medium&quot;:&quot;https:\\\/\\\/fira.fi\\\/wp-content\\\/uploads\\\/2024\\\/10\\\/Rykmentinpuiston-koulu-9-300x194.jpg&quot;,&quot;medium-width&quot;:300,&quot;medium-height&quot;:194,&quot;medium_large&quot;:&quot;https:\\\/\\\/fira.fi\\\/wp-content\\\/uploads\\\/2024\\\/10\\\/Rykmentinpuiston-koulu-9-768x496.jpg&quot;,&quot;medium_large-width&quot;:768,&quot;medium_large-height&quot;:496,&quot;large&quot;:&quot;https:\\\/\\\/fira.fi\\\/wp-content\\\/uploads\\\/2024\\\/10\\\/Rykmentinpuiston-koulu-9-1024x662.jpg&quot;,&quot;large-width&quot;:840,&quot;large-height&quot;:543,&quot;1536x1536&quot;:&quot;https:\\\/\\\/fira.fi\\\/wp-content\\\/uploads\\\/2024\\\/10\\\/Rykmentinpuiston-koulu-9-1536x993.jpg&quot;,&quot;1536x1536-width&quot;:1536,&quot;1536x1536-height&quot;:993,&quot;2048x2048&quot;:&quot;https:\\\/\\\/fira.fi\\\/wp-content\\\/uploads\\\/2024\\\/10\\\/Rykmentinpuiston-koulu-9.jpg&quot;,&quot;2048x2048-width&quot;:1980,&quot;2048x2048-height&quot;:1280,&quot;post-thumbnail&quot;:&quot;https:\\\/\\\/fira.fi\\\/wp-content\\\/uploads\\\/2024\\\/10\\\/Rykmentinpuiston-koulu-9-1920x1241.jpg&quot;,&quot;post-thumbnail-width&quot;:1920,&quot;post-thumbnail-height&quot;:1241,&quot;gform-image-choice-sm&quot;:&quot;https:\\\/\\\/fira.fi\\\/wp-content\\\/uploads\\\/2024\\\/10\\\/Rykmentinpuiston-koulu-9.jpg&quot;,&quot;gform-image-choice-sm-width&quot;:300,&quot;gform-image-choice-sm-height&quot;:194,&quot;gform-image-choice-md&quot;:&quot;https:\\\/\\\/fira.fi\\\/wp-content\\\/uploads\\\/2024\\\/10\\\/Rykmentinpuiston-koulu-9.jpg&quot;,&quot;gform-image-choice-md-width&quot;:400,&quot;gform-image-choice-md-height&quot;:259,&quot;gform-image-choice-lg&quot;:&quot;https:\\\/\\\/fira.fi\\\/wp-content\\\/uploads\\\/2024\\\/10\\\/Rykmentinpuiston-koulu-9.jpg&quot;,&quot;gform-image-choice-lg-width&quot;:600,&quot;gform-image-choice-lg-height&quot;:388}},&quot;desc&quot;:&quot;&quot;},{&quot;image&quot;:{&quot;ID&quot;:27801,&quot;id&quot;:27801,&quot;title&quot;:&quot;Rykmentinpuiston-koulu-10&quot;,&quot;filename&quot;:&quot;Rykmentinpuiston-koulu-10.jpg&quot;,&quot;filesize&quot;:244003,&quot;url&quot;:&quot;https:\\\/\\\/fira.fi\\\/wp-content\\\/uploads\\\/2024\\\/10\\\/Rykmentinpuiston-koulu-10.jpg&quot;,&quot;link&quot;:&quot;https:\\\/\\\/fira.fi\\\/en\\\/?attachment_id=27801&quot;,&quot;alt&quot;:&quot;&quot;,&quot;author&quot;:&quot;2&quot;,&quot;description&quot;:&quot;&quot;,&quot;caption&quot;:&quot;&quot;,&quot;name&quot;:&quot;rykmentinpuiston-koulu-10-2&quot;,&quot;status&quot;:&quot;inherit&quot;,&quot;uploaded_to&quot;:24903,&quot;date&quot;:&quot;2025-08-06 13:08:31&quot;,&quot;modified&quot;:&quot;2025-08-06 13:08:31&quot;,&quot;menu_order&quot;:0,&quot;mime_type&quot;:&quot;image\\\/jpeg&quot;,&quot;type&quot;:&quot;image&quot;,&quot;subtype&quot;:&quot;jpeg&quot;,&quot;icon&quot;:&quot;https:\\\/\\\/fira.fi\\\/wp-includes\\\/images\\\/media\\\/default.png&quot;,&quot;width&quot;:1980,&quot;height&quot;:1280,&quot;sizes&quot;:{&quot;thumbnail&quot;:&quot;https:\\\/\\\/fira.fi\\\/wp-content\\\/uploads\\\/2024\\\/10\\\/Rykmentinpuiston-koulu-10-150x97.jpg&quot;,&quot;thumbnail-width&quot;:150,&quot;thumbnail-height&quot;:97,&quot;medium&quot;:&quot;https:\\\/\\\/fira.fi\\\/wp-content\\\/uploads\\\/2024\\\/10\\\/Rykmentinpuiston-koulu-10-300x194.jpg&quot;,&quot;medium-width&quot;:300,&quot;medium-height&quot;:194,&quot;medium_large&quot;:&quot;https:\\\/\\\/fira.fi\\\/wp-content\\\/uploads\\\/2024\\\/10\\\/Rykmentinpuiston-koulu-10-768x496.jpg&quot;,&quot;medium_large-width&quot;:768,&quot;medium_large-height&quot;:496,&quot;large&quot;:&quot;https:\\\/\\\/fira.fi\\\/wp-content\\\/uploads\\\/2024\\\/10\\\/Rykmentinpuiston-koulu-10-1024x662.jpg&quot;,&quot;large-width&quot;:840,&quot;large-height&quot;:543,&quot;1536x1536&quot;:&quot;https:\\\/\\\/fira.fi\\\/wp-content\\\/uploads\\\/2024\\\/10\\\/Rykmentinpuiston-koulu-10-1536x993.jpg&quot;,&quot;1536x1536-width&quot;:1536,&quot;1536x1536-height&quot;:993,&quot;2048x2048&quot;:&quot;https:\\\/\\\/fira.fi\\\/wp-content\\\/uploads\\\/2024\\\/10\\\/Rykmentinpuiston-koulu-10.jpg&quot;,&quot;2048x2048-width&quot;:1980,&quot;2048x2048-height&quot;:1280,&quot;post-thumbnail&quot;:&quot;https:\\\/\\\/fira.fi\\\/wp-content\\\/uploads\\\/2024\\\/10\\\/Rykmentinpuiston-koulu-10-1920x1241.jpg&quot;,&quot;post-thumbnail-width&quot;:1920,&quot;post-thumbnail-height&quot;:1241,&quot;gform-image-choice-sm&quot;:&quot;https:\\\/\\\/fira.fi\\\/wp-content\\\/uploads\\\/2024\\\/10\\\/Rykmentinpuiston-koulu-10.jpg&quot;,&quot;gform-image-choice-sm-width&quot;:300,&quot;gform-image-choice-sm-height&quot;:194,&quot;gform-image-choice-md&quot;:&quot;https:\\\/\\\/fira.fi\\\/wp-content\\\/uploads\\\/2024\\\/10\\\/Rykmentinpuiston-koulu-10.jpg&quot;,&quot;gform-image-choice-md-width&quot;:400,&quot;gform-image-choice-md-height&quot;:259,&quot;gform-image-choice-lg&quot;:&quot;https:\\\/\\\/fira.fi\\\/wp-content\\\/uploads\\\/2024\\\/10\\\/Rykmentinpuiston-koulu-10.jpg&quot;,&quot;gform-image-choice-lg-width&quot;:600,&quot;gform-image-choice-lg-height&quot;:388}},&quot;desc&quot;:&quot;&quot;},{&quot;image&quot;:{&quot;ID&quot;:27803,&quot;id&quot;:27803,&quot;title&quot;:&quot;Rykmentinpuiston-koulu-11&quot;,&quot;filename&quot;:&quot;Rykmentinpuiston-koulu-11.jpg&quot;,&quot;filesize&quot;:151293,&quot;url&quot;:&quot;https:\\\/\\\/fira.fi\\\/wp-content\\\/uploads\\\/2024\\\/10\\\/Rykmentinpuiston-koulu-11.jpg&quot;,&quot;link&quot;:&quot;https:\\\/\\\/fira.fi\\\/en\\\/?attachment_id=27803&quot;,&quot;alt&quot;:&quot;&quot;,&quot;author&quot;:&quot;2&quot;,&quot;description&quot;:&quot;&quot;,&quot;caption&quot;:&quot;&quot;,&quot;name&quot;:&quot;rykmentinpuiston-koulu-11-2&quot;,&quot;status&quot;:&quot;inherit&quot;,&quot;uploaded_to&quot;:24903,&quot;date&quot;:&quot;2025-08-06 13:08:34&quot;,&quot;modified&quot;:&quot;2025-08-06 13:09:22&quot;,&quot;menu_order&quot;:0,&quot;mime_type&quot;:&quot;image\\\/jpeg&quot;,&quot;type&quot;:&quot;image&quot;,&quot;subtype&quot;:&quot;jpeg&quot;,&quot;icon&quot;:&quot;https:\\\/\\\/fira.fi\\\/wp-includes\\\/images\\\/media\\\/default.png&quot;,&quot;width&quot;:1980,&quot;height&quot;:1280,&quot;sizes&quot;:{&quot;thumbnail&quot;:&quot;https:\\\/\\\/fira.fi\\\/wp-content\\\/uploads\\\/2024\\\/10\\\/Rykmentinpuiston-koulu-11-150x97.jpg&quot;,&quot;thumbnail-width&quot;:150,&quot;thumbnail-height&quot;:97,&quot;medium&quot;:&quot;https:\\\/\\\/fira.fi\\\/wp-content\\\/uploads\\\/2024\\\/10\\\/Rykmentinpuiston-koulu-11-300x194.jpg&quot;,&quot;medium-width&quot;:300,&quot;medium-height&quot;:194,&quot;medium_large&quot;:&quot;https:\\\/\\\/fira.fi\\\/wp-content\\\/uploads\\\/2024\\\/10\\\/Rykmentinpuiston-koulu-11-768x496.jpg&quot;,&quot;medium_large-width&quot;:768,&quot;medium_large-height&quot;:496,&quot;large&quot;:&quot;https:\\\/\\\/fira.fi\\\/wp-content\\\/uploads\\\/2024\\\/10\\\/Rykmentinpuiston-koulu-11-1024x662.jpg&quot;,&quot;large-width&quot;:840,&quot;large-height&quot;:543,&quot;1536x1536&quot;:&quot;https:\\\/\\\/fira.fi\\\/wp-content\\\/uploads\\\/2024\\\/10\\\/Rykmentinpuiston-koulu-11-1536x993.jpg&quot;,&quot;1536x1536-width&quot;:1536,&quot;1536x1536-height&quot;:993,&quot;2048x2048&quot;:&quot;https:\\\/\\\/fira.fi\\\/wp-content\\\/uploads\\\/2024\\\/10\\\/Rykmentinpuiston-koulu-11.jpg&quot;,&quot;2048x2048-width&quot;:1980,&quot;2048x2048-height&quot;:1280,&quot;post-thumbnail&quot;:&quot;https:\\\/\\\/fira.fi\\\/wp-content\\\/uploads\\\/2024\\\/10\\\/Rykmentinpuiston-koulu-11-1920x1241.jpg&quot;,&quot;post-thumbnail-width&quot;:1920,&quot;post-thumbnail-height&quot;:1241,&quot;gform-image-choice-sm&quot;:&quot;https:\\\/\\\/fira.fi\\\/wp-content\\\/uploads\\\/2024\\\/10\\\/Rykmentinpuiston-koulu-11.jpg&quot;,&quot;gform-image-choice-sm-width&quot;:300,&quot;gform-image-choice-sm-height&quot;:194,&quot;gform-image-choice-md&quot;:&quot;https:\\\/\\\/fira.fi\\\/wp-content\\\/uploads\\\/2024\\\/10\\\/Rykmentinpuiston-koulu-11.jpg&quot;,&quot;gform-image-choice-md-width&quot;:400,&quot;gform-image-choice-md-height&quot;:259,&quot;gform-image-choice-lg&quot;:&quot;https:\\\/\\\/fira.fi\\\/wp-content\\\/uploads\\\/2024\\\/10\\\/Rykmentinpuiston-koulu-11.jpg&quot;,&quot;gform-image-choice-lg-width&quot;:600,&quot;gform-image-choice-lg-height&quot;:388}},&quot;desc&quot;:&quot;&quot;}]\">\n    <div class=\"container\">\n        <div class=\"row\">\n            <div class=\"col-12\">\n                <div class=\"title-holder\">\n                                            <h2 class=\"block-title\">Photo gallery<\/h2>\n                                        <div class=\"carousel-controls\">\n                        <button type=\"button\" class=\"button-prev slick-prev slick-arrow\">\n                            <span class=\"sr-only\">Edellinen<\/span>\n                        <\/button>\n                        <button type=\"button\" class=\"button-next slick-next slick-arrow\">\n                            <span class=\"sr-only\">Seuraava<\/span>\n                        <\/button>\n                    <\/div>\n                <\/div>\n            <\/div>\n\n                            <div class=\"col-11 col-lg-10 col-xxl-8\">\n                    <div class=\"carousel \" id=\"carousel-69f46ac355b97\">\n                                                    <div class=\"carousel-item\" data-position=\"0\">\n                                <div class=\"carousel-image-holder\">\n                                    <img decoding=\"async\" src=\"https:\/\/fira.fi\/wp-content\/uploads\/2024\/10\/Rykmentinpuiston-koulu-1-1920x1241.jpg\" width=\"1920\" height=\"1241\" alt=\"\" loading=\"lazy\">                                <\/div>\n                                <div class=\"carousel-text-holder\">\n                                    <div class=\"counter\">\n                                        <span class=\"current\">1<\/span> \/ \n                                        <span class=\"overall\">11<\/span>\n                                    <\/div>\n                                    <div class=\"desc\">\n                                                                            <\/div>\n                                <\/div>\n                            <\/div>\n                                                    <div class=\"carousel-item\" data-position=\"1\">\n                                <div class=\"carousel-image-holder\">\n                                    <img decoding=\"async\" src=\"https:\/\/fira.fi\/wp-content\/uploads\/2024\/10\/Rykmentinpuiston-koulu-2-1920x1241.jpg\" width=\"1920\" height=\"1241\" alt=\"\" loading=\"lazy\">                                <\/div>\n                                <div class=\"carousel-text-holder\">\n                                    <div class=\"counter\">\n                                        <span class=\"current\">2<\/span> \/ \n                                        <span class=\"overall\">11<\/span>\n                                    <\/div>\n                                    <div class=\"desc\">\n                                                                            <\/div>\n                                <\/div>\n                            <\/div>\n                                                    <div class=\"carousel-item\" data-position=\"2\">\n                                <div class=\"carousel-image-holder\">\n                                    <img decoding=\"async\" src=\"https:\/\/fira.fi\/wp-content\/uploads\/2024\/10\/Rykmentinpuiston-koulu-3-1920x1241.jpg\" width=\"1920\" height=\"1241\" alt=\"\" loading=\"lazy\">                                <\/div>\n                                <div class=\"carousel-text-holder\">\n                                    <div class=\"counter\">\n                                        <span class=\"current\">3<\/span> \/ \n                                        <span class=\"overall\">11<\/span>\n                                    <\/div>\n                                    <div class=\"desc\">\n                                                                            <\/div>\n                                <\/div>\n                            <\/div>\n                                                    <div class=\"carousel-item\" data-position=\"3\">\n                                <div class=\"carousel-image-holder\">\n                                    <img decoding=\"async\" src=\"https:\/\/fira.fi\/wp-content\/uploads\/2024\/10\/Rykmentinpuiston-koulu-4-1920x1241.jpg\" width=\"1920\" height=\"1241\" alt=\"\" loading=\"lazy\">                                <\/div>\n                                <div class=\"carousel-text-holder\">\n                                    <div class=\"counter\">\n                                        <span class=\"current\">4<\/span> \/ \n                                        <span class=\"overall\">11<\/span>\n                                    <\/div>\n                                    <div class=\"desc\">\n                                                                            <\/div>\n                                <\/div>\n                            <\/div>\n                                                    <div class=\"carousel-item\" data-position=\"4\">\n                                <div class=\"carousel-image-holder\">\n                                    <img decoding=\"async\" src=\"https:\/\/fira.fi\/wp-content\/uploads\/2024\/10\/Rykmentinpuiston-koulu-5-1920x1241.jpg\" width=\"1920\" height=\"1241\" alt=\"\" loading=\"lazy\">                                <\/div>\n                                <div class=\"carousel-text-holder\">\n                                    <div class=\"counter\">\n                                        <span class=\"current\">5<\/span> \/ \n                                        <span class=\"overall\">11<\/span>\n                                    <\/div>\n                                    <div class=\"desc\">\n                                                                            <\/div>\n                                <\/div>\n                            <\/div>\n                                                    <div class=\"carousel-item\" data-position=\"5\">\n                                <div class=\"carousel-image-holder\">\n                                    <img decoding=\"async\" src=\"https:\/\/fira.fi\/wp-content\/uploads\/2024\/10\/Rykmentinpuiston-koulu-6-1920x1241.jpg\" width=\"1920\" height=\"1241\" alt=\"\" loading=\"lazy\">                                <\/div>\n                                <div class=\"carousel-text-holder\">\n                                    <div class=\"counter\">\n                                        <span class=\"current\">6<\/span> \/ \n                                        <span class=\"overall\">11<\/span>\n                                    <\/div>\n                                    <div class=\"desc\">\n                                                                            <\/div>\n                                <\/div>\n                            <\/div>\n                                                    <div class=\"carousel-item\" data-position=\"6\">\n                                <div class=\"carousel-image-holder\">\n                                    <img decoding=\"async\" src=\"https:\/\/fira.fi\/wp-content\/uploads\/2024\/10\/Rykmentinpuiston-koulu-7-1920x1241.jpg\" width=\"1920\" height=\"1241\" alt=\"\" loading=\"lazy\">                                <\/div>\n                                <div class=\"carousel-text-holder\">\n                                    <div class=\"counter\">\n                                        <span class=\"current\">7<\/span> \/ \n                                        <span class=\"overall\">11<\/span>\n                                    <\/div>\n                                    <div class=\"desc\">\n                                                                            <\/div>\n                                <\/div>\n                            <\/div>\n                                                    <div class=\"carousel-item\" data-position=\"7\">\n                                <div class=\"carousel-image-holder\">\n                                    <img decoding=\"async\" src=\"https:\/\/fira.fi\/wp-content\/uploads\/2024\/10\/Rykmentinpuiston-koulu-8-1920x1241.jpg\" width=\"1920\" height=\"1241\" alt=\"\" loading=\"lazy\">                                <\/div>\n                                <div class=\"carousel-text-holder\">\n                                    <div class=\"counter\">\n                                        <span class=\"current\">8<\/span> \/ \n                                        <span class=\"overall\">11<\/span>\n                                    <\/div>\n                                    <div class=\"desc\">\n                                                                            <\/div>\n                                <\/div>\n                            <\/div>\n                                                    <div class=\"carousel-item\" data-position=\"8\">\n                                <div class=\"carousel-image-holder\">\n                                    <img decoding=\"async\" src=\"https:\/\/fira.fi\/wp-content\/uploads\/2024\/10\/Rykmentinpuiston-koulu-9-1920x1241.jpg\" width=\"1920\" height=\"1241\" alt=\"\" loading=\"lazy\">                                <\/div>\n                                <div class=\"carousel-text-holder\">\n                                    <div class=\"counter\">\n                                        <span class=\"current\">9<\/span> \/ \n                                        <span class=\"overall\">11<\/span>\n                                    <\/div>\n                                    <div class=\"desc\">\n                                                                            <\/div>\n                                <\/div>\n                            <\/div>\n                                                    <div class=\"carousel-item\" data-position=\"9\">\n                                <div class=\"carousel-image-holder\">\n                                    <img decoding=\"async\" src=\"https:\/\/fira.fi\/wp-content\/uploads\/2024\/10\/Rykmentinpuiston-koulu-10-1920x1241.jpg\" width=\"1920\" height=\"1241\" alt=\"\" loading=\"lazy\">                                <\/div>\n                                <div class=\"carousel-text-holder\">\n                                    <div class=\"counter\">\n                                        <span class=\"current\">10<\/span> \/ \n                                        <span class=\"overall\">11<\/span>\n                                    <\/div>\n                                    <div class=\"desc\">\n                                                                            <\/div>\n                                <\/div>\n                            <\/div>\n                                                    <div class=\"carousel-item\" data-position=\"10\">\n                                <div class=\"carousel-image-holder\">\n                                    <img decoding=\"async\" src=\"https:\/\/fira.fi\/wp-content\/uploads\/2024\/10\/Rykmentinpuiston-koulu-11-1920x1241.jpg\" width=\"1920\" height=\"1241\" alt=\"\" loading=\"lazy\">                                <\/div>\n                                <div class=\"carousel-text-holder\">\n                                    <div class=\"counter\">\n                                        <span class=\"current\">11<\/span> \/ \n                                        <span class=\"overall\">11<\/span>\n                                    <\/div>\n                                    <div class=\"desc\">\n                                                                            <\/div>\n                                <\/div>\n                            <\/div>\n                                            <\/div>\n                <\/div>\n            \n        <\/div>\n    <\/div>\n<\/section>\n\n\n\n<section id=\"\"\n    class=\"block block-share-buttons container-fluid bg-dark-green\">\n    <div class=\"container\">\n        <div class=\"row\">\n            <div class=\"col-12\">\n                <main class=\"entry-content\">\n                                        <h2 class=\"h5 title\">Jaa artikkeli<\/h2>\n                                                            \n    <style>\n      .id-share-buttons {\n        display: flex;\n      }\n      .id-share-btn {\n        background: #2e2e2e;\n        color: #fff;\n        cursor: pointer;\n        display: block;\n        min-width: 1.5em;\n        overflow: hidden;\n        text-align: center;\n      }\n      .id-share-btn svg {\n        display: block;\n        height: auto;\n        width: auto;\n      }\n      .id-share-btn path {\n        fill: #fff\n      }\n      .id-share-facebook { background: #3b5998; }\n      .id-share-twitter  { background: #1da1f2; }\n      .id-share-linkedin { background: #0077b5; }\n      .id-share-whatsapp { background: #25d366; }\n      .id-share-copylink { }\n      .id-share-buttons input {\n        cursor: pointer;\n        opacity: 0;\n        position: absolute;\n      }\n    <\/style>\n<div class=\"id-share-buttons\"><a class=\"btn btn-primary id-share-btn id-share-twitter\" href=\"https:\/\/twitter.com\/intent\/tweet?text=&amp;url=https%3A%2F%2Ffira.fi%2Fen%2Fwp-json%2Fwp%2Fv2%2Fposts%2F29085%2F\" target=\"_blank\" onclick=\"javascript:window.open(this.href, '', 'menubar=no,toolbar=no,resizable=yes,scrollbars=yes,height=370,width=600');return false;\"><svg aria-hidden=\"true\" role=\"img\" xmlns=\"http:\/\/www.w3.org\/2000\/svg\" viewBox=\"0 0 400 400\"><path d=\"M153.6,301.6c94.3,0,145.9-78.2,145.9-145.9c0-2.2,0-4.4-0.1-6.6c10-7.2,18.7-16.3,25.6-26.6c-9.2,4.1-19.1,6.8-29.5,8.1c10.6-6.3,18.7-16.4,22.6-28.4c-9.9,5.9-20.9,10.1-32.6,12.4c-9.4-10-22.7-16.2-37.4-16.2c-28.3,0-51.3,23-51.3,51.3c0,4,0.5,7.9,1.3,11.7c-42.6-2.1-80.4-22.6-105.7-53.6c-4.4,7.6-6.9,16.4-6.9,25.8c0,17.8,9.1,33.5,22.8,42.7c-8.4-0.3-16.3-2.6-23.2-6.4c0,0.2,0,0.4,0,0.7c0,24.8,17.7,45.6,41.1,50.3c-4.3,1.2-8.8,1.8-13.5,1.8c-3.3,0-6.5-0.3-9.6-0.9c6.5,20.4,25.5,35.2,47.9,35.6c-17.6,13.8-39.7,22-63.7,22c-4.1,0-8.2-0.2-12.2-0.7C97.7,293.1,124.7,301.6,153.6,301.6\"\/><\/svg><\/a><a class=\"btn btn-primary id-share-btn id-share-linkedin\" href=\"https:\/\/www.linkedin.com\/shareArticle?mini=true&#038;url=https%3A%2F%2Ffira.fi%2Fen%2Fwp-json%2Fwp%2Fv2%2Fposts%2F29085%2F\" target=\"_blank\" onclick=\"javascript:window.open(this.href, '', 'menubar=no,toolbar=no,resizable=yes,scrollbars=yes,height=432,width=368');return false;\"><svg aria-hidden=\"true\" role=\"img\" xmlns=\"http:\/\/www.w3.org\/2000\/svg\" viewBox=\"0 0 36 36\"><path d=\"M5.4,13.5h5.35V30.68H5.4ZM8.08,5A3.1,3.1,0,1,1,5,8.05,3.09,3.09,0,0,1,8.08,5\"\/><path class=\"cls-1\" d=\"M14.1,13.5h5.11v2.34h.08a5.6,5.6,0,0,1,5.05-2.77c5.41,0,6.4,3.56,6.4,8.18v9.43H25.41V22.32c0-2,0-4.55-2.78-4.55s-3.2,2.17-3.2,4.41v8.5H14.1Z\"\/><\/svg><\/a><a class=\"btn btn-primary id-share-btn id-share-facebook\" href=\"https:\/\/www.facebook.com\/sharer\/sharer.php?u=https%3A%2F%2Ffira.fi%2Fen%2Fwp-json%2Fwp%2Fv2%2Fposts%2F29085%2F\" target=\"_blank\" onclick=\"javascript:window.open(this.href, '', 'menubar=no,toolbar=no,resizable=yes,scrollbars=yes,height=368,width=600');return false;\"><svg aria-hidden=\"true\" role=\"img\" xmlns=\"http:\/\/www.w3.org\/2000\/svg\" viewBox=\"0 0 58 58\"><path d=\"M40,58V35.57h7.57l1.13-8.78H40V21.2c0-2.54.71-4.26,4.35-4.26H49V9.1a64.2,64.2,0,0,0-6.75-.34C35.56,8.76,31,12.84,31,20.33v6.46H23.45v8.78H31V58Z\"\/><\/svg><\/a><a class=\"btn btn-primary id-share-btn id-share-whatsapp\" href=\"https:\/\/api.whatsapp.com\/send?phone=&#038;text=https%3A%2F%2Ffira.fi%2Fen%2Fwp-json%2Fwp%2Fv2%2Fposts%2F29085%2F\" target=\"_blank\" ><svg aria-hidden=\"true\" role=\"img\" xmlns=\"http:\/\/www.w3.org\/2000\/svg\" viewBox=\"0 0 360 360\"><path class=\"cls-1\" d=\"M268.54,90.38a123.7,123.7,0,0,0-88.05-36.51C111.88,53.87,56,109.71,56,178.34a124.27,124.27,0,0,0,16.61,62.23L55,305.08l66-17.31a124.47,124.47,0,0,0,59.49,15.15h.05c68.6,0,124.45-55.85,124.47-124.48A123.7,123.7,0,0,0,268.54,90.38ZM180.49,281.89h-.05a103.17,103.17,0,0,1-52.65-14.42L124,265.23,84.85,275.5,95.3,237.32l-2.46-3.91a103.46,103.46,0,1,1,87.65,48.48Zm56.75-77.48c-3.11-1.56-18.4-9.08-21.26-10.12s-4.92-1.56-7,1.55S201,206,199.14,208s-3.63,2.34-6.74.78-13.13-4.84-25-15.44a93.39,93.39,0,0,1-17.3-21.55c-1.82-3.11-.2-4.79,1.36-6.34,1.4-1.4,3.11-3.64,4.66-5.45a21,21,0,0,0,3.11-5.19,5.74,5.74,0,0,0-.25-5.45c-.78-1.56-7-16.87-9.59-23.09s-5.09-5.25-7-5.34-3.89-.11-6-.11a11.44,11.44,0,0,0-8.3,3.89c-2.85,3.11-10.88,10.64-10.88,25.95s11.14,30.1,12.7,32.17,21.93,33.49,53.13,47a181.25,181.25,0,0,0,17.73,6.55,42.74,42.74,0,0,0,19.59,1.23c6-.89,18.4-7.52,21-14.79S244,209.34,243.2,208,240.35,206,237.24,204.41Z\"\/><\/svg><\/a><!-- https:\/\/fontawesome.com\/license --><a class=\"btn btn-primary id-share-btn id-share-copylink\" href=\"https:\/\/fira.fi\/en\/wp-json\/wp\/v2\/posts\/29085\/\" target=\"_blank\" title=\"Kopioi sivun osoite\" onclick=\"javascript:id_copy_link.apply(this);return false;\"><input value=\"https:\/\/fira.fi\/en\/wp-json\/wp\/v2\/posts\/29085\/\" readonly><svg aria-hidden=\"true\" role=\"img\" xmlns=\"http:\/\/www.w3.org\/2000\/svg\" viewBox=\"0 0 818 818\"><path d=\"M479.61,338.39A151.92,151.92,0,0,1,480,553l-.36.37-67.2,67.2c-59.27,59.27-155.7,59.26-215,0s-59.27-155.7,0-215l37.11-37.1c9.84-9.84,26.78-3.3,27.29,10.6a184.45,184.45,0,0,0,9.69,52.72,16.08,16.08,0,0,1-3.78,16.61l-13.09,13.09c-28,28-28.9,73.66-1.15,102a72.07,72.07,0,0,0,102.32.51L423,496.79A72,72,0,0,0,423,395a75.64,75.64,0,0,0-10.34-8.57,16,16,0,0,1-6.95-12.6A39.86,39.86,0,0,1,417.45,344l21.06-21.05a16.06,16.06,0,0,1,20.58-1.74,152.65,152.65,0,0,1,20.52,17.2ZM620.55,197.45c-59.26-59.26-155.69-59.27-215,0l-67.2,67.2L338,265A152,152,0,0,0,358.91,496.8a16.06,16.06,0,0,0,20.58-1.73L400.55,474a39.81,39.81,0,0,0,11.69-29.81,16,16,0,0,0-6.94-12.6A75,75,0,0,1,395,423a72,72,0,0,1,0-101.83L462.16,254a72.07,72.07,0,0,1,102.32.51c27.75,28.3,26.87,73.93-1.15,102l-13.09,13.09a16.08,16.08,0,0,0-3.78,16.61,184.45,184.45,0,0,1,9.69,52.72c.5,13.9,17.45,20.44,27.29,10.6l37.11-37.1c59.27-59.26,59.27-155.7,0-215Z\"\/><\/svg><\/a><\/div>                                    <\/main>\n            <\/div>\n        <\/div>\n    <\/div>\n<\/section>\n\n\n<section id=\"\" class=\"block block-columns container-fluid bg-class  bg-default\">\n    <div class=\"container\">\n                <div class=\"row \">\n            \n\n<section id=\"\" class=\"col-12 col-lg-6 block-column column-50  \">\n    <main class=\"entry-content\">\n        \n\n<h2 class=\"wp-block-heading\">Want to know more? Get in touch.<\/h2>\n\n\n\n<p><\/p>\n\n\n    <\/main>\n<\/section>\n\n\n<section id=\"\" class=\"col-12 col-lg-6 block-column column-50  \">\n    <main class=\"entry-content\">\n        \n\n<section id=\"\" class=\"block-inner block-person-single container-fluid \">\n    <div class=\"container\">\n        <div class=\"row\">\n            <div class=\"col-12\">\n                <main class=\"entry-content\">\n                <div class=\"person\"><div class=\"card card-person\">\n    <div class=\"card-thumbnail-holder\">\n            <div class=\"card-thumbnail\"><img loading=\"lazy\" decoding=\"async\" width=\"768\" height=\"886\" src=\"https:\/\/fira.fi\/wp-content\/uploads\/2022\/04\/Lauri-Kaunisvirta-867x1000-1-768x886.jpg\" class=\"attachment-medium_large size-medium_large wp-post-image\" alt=\"\" srcset=\"https:\/\/fira.fi\/wp-content\/uploads\/2022\/04\/Lauri-Kaunisvirta-867x1000-1-768x886.jpg 768w, https:\/\/fira.fi\/wp-content\/uploads\/2022\/04\/Lauri-Kaunisvirta-867x1000-1-260x300.jpg 260w, https:\/\/fira.fi\/wp-content\/uploads\/2022\/04\/Lauri-Kaunisvirta-867x1000-1-130x150.jpg 130w, https:\/\/fira.fi\/wp-content\/uploads\/2022\/04\/Lauri-Kaunisvirta-867x1000-1.jpg 867w\" sizes=\"auto, (max-width: 575px) 100vw, 768px\" \/><\/div>\n        <\/div>\n    <div class=\"card-content\">\n        <main class=\"entry-content\">\n            <h3 class=\"h4 person-name\">Lauri Kaunisvirta<\/h3>\n                            <p class=\"person-title\">Director | Customer relations &#038; Sales, Construction services<\/p>\n                                        <a href=\"tel:+358 44 564 4872\" class=\"person-phone\">+358 44 564 4872<\/a>\n                                        <a href=\"mailto:lauri.kaunisvirta@fira.fi\" class=\"person-email\">lauri.kaunisvirta@fira.fi<\/a>\n                    <\/main>\n    <\/div>\n<\/div><\/div>                <\/main>\n            <\/div>\n        <\/div>\n    <\/div>\n<\/section>\n\n\n    <\/main>\n<\/section>\n\n        <\/div>\n    <\/div>\n<\/section>\n\n\n<section id=\"\"\n    class=\"block block-post-highlights container-fluid bg-default\">\n    <div class=\"container\">\n\n        <div class=\"row title-row\">\n            <div class=\"col-12\">\n                <main class=\"entry-content\">\n                                        <h2 class=\"block-title\">Related news<\/h2>\n                                                            <a class=\"button-secondary button-arrow d-none d-lg-flex\"\n                        href=\"https:\/\/fira.fi\/en\/news-and-stories\/\">Katso kaikki ajankohtaiset<\/a>\n                                    <\/main>\n            <\/div>\n        <\/div>\n\n        <div class=\"row\">\n            <div class=\"col-12\">\n                                <div class=\"posts-row \">\n                                        <div class=\"row\">\n                                                <div class=\"post col-12 col-md-6 col-lg-3\"><div class=\"card card-post\">\n    <a href=\"https:\/\/fira.fi\/en\/tiedote\/fira-to-build-a-modern-distribution-centre-for-pharmaceutical-wholesaler-oriola\/\">\n                <div class=\"card-thumbnail\"><img loading=\"lazy\" decoding=\"async\" width=\"768\" height=\"432\" src=\"https:\/\/fira.fi\/wp-content\/uploads\/2026\/03\/Oriola-Jarvenpaa-front_web-768x432.jpg\" class=\"attachment-medium_large size-medium_large wp-post-image\" alt=\"\" srcset=\"https:\/\/fira.fi\/wp-content\/uploads\/2026\/03\/Oriola-Jarvenpaa-front_web-768x432.jpg 768w, https:\/\/fira.fi\/wp-content\/uploads\/2026\/03\/Oriola-Jarvenpaa-front_web-300x169.jpg 300w, https:\/\/fira.fi\/wp-content\/uploads\/2026\/03\/Oriola-Jarvenpaa-front_web-1024x576.jpg 1024w, https:\/\/fira.fi\/wp-content\/uploads\/2026\/03\/Oriola-Jarvenpaa-front_web-150x84.jpg 150w, https:\/\/fira.fi\/wp-content\/uploads\/2026\/03\/Oriola-Jarvenpaa-front_web-1536x864.jpg 1536w, https:\/\/fira.fi\/wp-content\/uploads\/2026\/03\/Oriola-Jarvenpaa-front_web.jpg 1600w\" sizes=\"auto, (max-width: 575px) 100vw, 768px\" \/><\/div>\n        \n        <div class=\"card-content\">\n                        <div class=\"card-meta\">\n                                    <span class=\"card-cat\">Tiedote<\/span>\n                                <span class=\"card-date\">9.3.2026<\/span>\n            <\/div>\n            \n            \n            \n            <h3 class=\"card-title\">Fira to build a modern distribution centre for pharmaceutical wholesaler Oriola<\/h3>\n            <div class=\"button-plain card-cta\">\n                <svg width=\"24\" height=\"20\" viewBox=\"0 0 24 20\" fill=\"none\" xmlns=\"http:\/\/www.w3.org\/2000\/svg\">\n                    <path\n                        d=\"M14.001 0L12.571 1.393L20.151 9H0.000976562V11H20.151L12.571 18.573L14.001 20L24.001 10L14.001 0Z\"\n                        fill=\"#191919\" \/>\n                <\/svg>\n            <\/div>\n        <\/div>\n    <\/a>\n<\/div><\/div><div class=\"post col-12 col-md-6 col-lg-3\">\n<div class=\"card card-reference \">\n        <a href=\"https:\/\/fira.fi\/en\/referenssit\/nestes-kilpilahti-operations-center\/\">\n                        <div class=\"card-thumbnail\"><img loading=\"lazy\" decoding=\"async\" width=\"768\" height=\"419\" src=\"https:\/\/fira.fi\/wp-content\/uploads\/2026\/02\/Kilpilahden-operointikeskus-1-768x419.jpg\" class=\"attachment-medium_large size-medium_large wp-post-image\" alt=\"\" srcset=\"https:\/\/fira.fi\/wp-content\/uploads\/2026\/02\/Kilpilahden-operointikeskus-1-768x419.jpg 768w, https:\/\/fira.fi\/wp-content\/uploads\/2026\/02\/Kilpilahden-operointikeskus-1-300x164.jpg 300w, https:\/\/fira.fi\/wp-content\/uploads\/2026\/02\/Kilpilahden-operointikeskus-1-1024x559.jpg 1024w, https:\/\/fira.fi\/wp-content\/uploads\/2026\/02\/Kilpilahden-operointikeskus-1-150x82.jpg 150w, https:\/\/fira.fi\/wp-content\/uploads\/2026\/02\/Kilpilahden-operointikeskus-1-1536x838.jpg 1536w, https:\/\/fira.fi\/wp-content\/uploads\/2026\/02\/Kilpilahden-operointikeskus-1-1920x1047.jpg 1920w, https:\/\/fira.fi\/wp-content\/uploads\/2026\/02\/Kilpilahden-operointikeskus-1.jpg 1980w\" sizes=\"auto, (max-width: 575px) 100vw, 768px\" \/><\/div>\n                <div class=\"card-content\">\n            <div class=\"card-meta\">\n                                                <span class=\"card-cat\">Commercial construction<\/span>\n                            <\/div>\n            <h3 class=\"card-title\">Neste\u2019s Kilpilahti operations center<\/h3>\n            <button class=\"button-plain card-cta\">\n                <svg width=\"24\" height=\"20\" viewBox=\"0 0 24 20\" fill=\"none\" xmlns=\"http:\/\/www.w3.org\/2000\/svg\">\n                    <path\n                        d=\"M14.001 0L12.571 1.393L20.151 9H0.000976562V11H20.151L12.571 18.573L14.001 20L24.001 10L14.001 0Z\"\n                        fill=\"#191919\" \/>\n                <\/svg>\n            <\/button>\n        <\/div>\n            <\/a>\n    <\/div><\/div><div class=\"post col-12 col-md-6 col-lg-3\"><div class=\"card card-post\">\n    <a href=\"https:\/\/fira.fi\/en\/blog\/ari-kurvi-data-center-all-rounder\/\">\n                <div class=\"card-thumbnail\"><img loading=\"lazy\" decoding=\"async\" width=\"768\" height=\"512\" src=\"https:\/\/fira.fi\/wp-content\/uploads\/2026\/02\/9D8A6238ari-768x512.jpg\" class=\"attachment-medium_large size-medium_large wp-post-image\" alt=\"\" srcset=\"https:\/\/fira.fi\/wp-content\/uploads\/2026\/02\/9D8A6238ari-768x512.jpg 768w, https:\/\/fira.fi\/wp-content\/uploads\/2026\/02\/9D8A6238ari-300x200.jpg 300w, https:\/\/fira.fi\/wp-content\/uploads\/2026\/02\/9D8A6238ari-1024x683.jpg 1024w, https:\/\/fira.fi\/wp-content\/uploads\/2026\/02\/9D8A6238ari-150x100.jpg 150w, https:\/\/fira.fi\/wp-content\/uploads\/2026\/02\/9D8A6238ari-1536x1024.jpg 1536w, https:\/\/fira.fi\/wp-content\/uploads\/2026\/02\/9D8A6238ari-1920x1280.jpg 1920w, https:\/\/fira.fi\/wp-content\/uploads\/2026\/02\/9D8A6238ari.jpg 2048w\" sizes=\"auto, (max-width: 575px) 100vw, 768px\" \/><\/div>\n        \n        <div class=\"card-content\">\n                        <div class=\"card-meta\">\n                                    <span class=\"card-cat\">Blogi<\/span>\n                                <span class=\"card-date\">10.2.2026<\/span>\n            <\/div>\n            \n            \n            \n            <h3 class=\"card-title\">Ari Kurvi, data center all-rounder: \u201c50 years in the industry\u2014then I\u2019ll decide what I want to do when I grow up\u201d<\/h3>\n            <div class=\"button-plain card-cta\">\n                <svg width=\"24\" height=\"20\" viewBox=\"0 0 24 20\" fill=\"none\" xmlns=\"http:\/\/www.w3.org\/2000\/svg\">\n                    <path\n                        d=\"M14.001 0L12.571 1.393L20.151 9H0.000976562V11H20.151L12.571 18.573L14.001 20L24.001 10L14.001 0Z\"\n                        fill=\"#191919\" \/>\n                <\/svg>\n            <\/div>\n        <\/div>\n    <\/a>\n<\/div><\/div><div class=\"post col-12 col-md-6 col-lg-3\">\n<div class=\"card card-reference \">\n        <a href=\"https:\/\/fira.fi\/en\/referenssit\/vav-myyrmaentie-2\/\">\n                        <div class=\"card-thumbnail\"><img loading=\"lazy\" decoding=\"async\" width=\"768\" height=\"496\" src=\"https:\/\/fira.fi\/wp-content\/uploads\/2025\/09\/VAV-myyrmaentie2-768x496.jpg\" class=\"attachment-medium_large size-medium_large wp-post-image\" alt=\"\" srcset=\"https:\/\/fira.fi\/wp-content\/uploads\/2025\/09\/VAV-myyrmaentie2-768x496.jpg 768w, https:\/\/fira.fi\/wp-content\/uploads\/2025\/09\/VAV-myyrmaentie2-300x194.jpg 300w, https:\/\/fira.fi\/wp-content\/uploads\/2025\/09\/VAV-myyrmaentie2-1024x662.jpg 1024w, https:\/\/fira.fi\/wp-content\/uploads\/2025\/09\/VAV-myyrmaentie2-150x97.jpg 150w, https:\/\/fira.fi\/wp-content\/uploads\/2025\/09\/VAV-myyrmaentie2-1536x993.jpg 1536w, https:\/\/fira.fi\/wp-content\/uploads\/2025\/09\/VAV-myyrmaentie2-1920x1241.jpg 1920w, https:\/\/fira.fi\/wp-content\/uploads\/2025\/09\/VAV-myyrmaentie2.jpg 1980w\" sizes=\"auto, (max-width: 575px) 100vw, 768px\" \/><\/div>\n                <div class=\"card-content\">\n            <div class=\"card-meta\">\n                                                <span class=\"card-cat\">Rental apartments<\/span>\n                            <\/div>\n            <h3 class=\"card-title\">VAV &#8211; Myyrm\u00e4entie 2<\/h3>\n            <button class=\"button-plain card-cta\">\n                <svg width=\"24\" height=\"20\" viewBox=\"0 0 24 20\" fill=\"none\" xmlns=\"http:\/\/www.w3.org\/2000\/svg\">\n                    <path\n                        d=\"M14.001 0L12.571 1.393L20.151 9H0.000976562V11H20.151L12.571 18.573L14.001 20L24.001 10L14.001 0Z\"\n                        fill=\"#191919\" \/>\n                <\/svg>\n            <\/button>\n        <\/div>\n            <\/a>\n    <\/div><\/div>                                            <\/div>\n                                    <\/div>\n\n                                            <\/div>\n        <\/div>\n\n    <\/div>\n<\/section>","protected":false},"excerpt":{"rendered":"<p>Construction service company Fira and Caverion have delivered the Tuusula Rykmentinpuisto school and daycare as a lifecycle project, achieving a full five-star rating in Rakennustieto\u2019s environmental classification \u2013 the first lifecycle project in Finland to do so.<\/p>\n","protected":false},"author":2,"featured_media":28946,"comment_status":"closed","ping_status":"closed","sticky":false,"template":"","format":"standard","meta":{"_acf_changed":false,"content-type":"","_relevanssi_hide_post":"","_relevanssi_hide_content":"","_relevanssi_pin_for_all":"","_relevanssi_pin_keywords":"","_relevanssi_unpin_keywords":"","_relevanssi_related_keywords":"","_relevanssi_related_include_ids":"","_relevanssi_related_exclude_ids":"","_relevanssi_related_no_append":"","_relevanssi_related_not_related":"","_relevanssi_related_posts":"13988,28919,27920,11196,28176,4067","_relevanssi_noindex_reason":"","footnotes":""},"categories":[119],"topic":[121,138,125],"class_list":["post-29085","post","type-post","status-publish","format-standard","has-post-thumbnail","hentry","category-news-en","topic-toimitilarakentaminen-en","topic-corporate-responsibility","topic-current"],"acf":[],"yoast_head":"<!-- This site is optimized with the Yoast SEO plugin v27.3 - https:\/\/yoast.com\/product\/yoast-seo-wordpress\/ -->\n<title>Rykmentinpuisto School and Daycare \u2013 Finland\u2019s first lifecycle project with a five-star environmental rating. | Fira<\/title>\n<meta name=\"description\" content=\"Rakentamisen palveluyhti\u00f6 Firan ja Caverionin yhteisty\u00f6ss\u00e4 toteuttama Tuusulan Rykmentinpuiston koulu ja p\u00e4iv\u00e4koti -elinkaarihanke saavutti t\u00e4ydet viisi t\u00e4hte\u00e4 Rakennustiedon ymp\u00e4rist\u00f6luokituksessa ensimm\u00e4isen\u00e4 elinkaarihankkeena.\" \/>\n<meta name=\"robots\" content=\"index, follow, max-snippet:-1, max-image-preview:large, max-video-preview:-1\" \/>\n<link rel=\"canonical\" href=\"https:\/\/fira.fi\/en\/news-en\/finland-first-lifecycle-project-with-five-star-environmental-rating\/\" \/>\n<meta property=\"og:locale\" content=\"en_US\" \/>\n<meta property=\"og:type\" content=\"article\" \/>\n<meta property=\"og:title\" content=\"Rykmentinpuisto School and Daycare \u2013 Finland\u2019s first lifecycle project with a five-star environmental rating. | Fira\" \/>\n<meta property=\"og:description\" content=\"Rakentamisen palveluyhti\u00f6 Firan ja Caverionin yhteisty\u00f6ss\u00e4 toteuttama Tuusulan Rykmentinpuiston koulu ja p\u00e4iv\u00e4koti -elinkaarihanke saavutti t\u00e4ydet viisi t\u00e4hte\u00e4 Rakennustiedon ymp\u00e4rist\u00f6luokituksessa ensimm\u00e4isen\u00e4 elinkaarihankkeena.\" \/>\n<meta property=\"og:url\" content=\"https:\/\/fira.fi\/en\/news-en\/finland-first-lifecycle-project-with-five-star-environmental-rating\/\" \/>\n<meta property=\"og:site_name\" content=\"Fira\" \/>\n<meta property=\"article:published_time\" content=\"2025-11-27T08:09:04+00:00\" \/>\n<meta property=\"article:modified_time\" content=\"2026-03-06T13:05:51+00:00\" \/>\n<meta property=\"og:image\" content=\"https:\/\/fira.fi\/wp-content\/uploads\/2025\/11\/Suomen-ensimmainen-elinkaarihanke-viiden-tahden-ymparistoluokituksella.jpg\" \/>\n\t<meta property=\"og:image:width\" content=\"960\" \/>\n\t<meta property=\"og:image:height\" content=\"960\" \/>\n\t<meta property=\"og:image:type\" content=\"image\/jpeg\" \/>\n<meta name=\"author\" content=\"jonasmeling\" \/>\n<meta name=\"twitter:card\" content=\"summary_large_image\" \/>\n<meta name=\"twitter:label1\" content=\"Written by\" \/>\n\t<meta name=\"twitter:data1\" content=\"jonasmeling\" \/>\n\t<meta name=\"twitter:label2\" content=\"Est. reading time\" \/>\n\t<meta name=\"twitter:data2\" content=\"7 minutes\" \/>\n<script type=\"application\/ld+json\" class=\"yoast-schema-graph\">{\"@context\":\"https:\\\/\\\/schema.org\",\"@graph\":[{\"@type\":\"Article\",\"@id\":\"https:\\\/\\\/fira.fi\\\/en\\\/news-en\\\/finland-first-lifecycle-project-with-five-star-environmental-rating\\\/#article\",\"isPartOf\":{\"@id\":\"https:\\\/\\\/fira.fi\\\/en\\\/news-en\\\/finland-first-lifecycle-project-with-five-star-environmental-rating\\\/\"},\"author\":{\"name\":\"jonasmeling\",\"@id\":\"https:\\\/\\\/fira.fi\\\/en\\\/#\\\/schema\\\/person\\\/5aea85d66c262db502d6685e5fed42c3\"},\"headline\":\"Rykmentinpuisto School and Daycare \u2013 Finland\u2019s first lifecycle project with a five-star environmental rating.\",\"datePublished\":\"2025-11-27T08:09:04+00:00\",\"dateModified\":\"2026-03-06T13:05:51+00:00\",\"mainEntityOfPage\":{\"@id\":\"https:\\\/\\\/fira.fi\\\/en\\\/news-en\\\/finland-first-lifecycle-project-with-five-star-environmental-rating\\\/\"},\"wordCount\":477,\"publisher\":{\"@id\":\"https:\\\/\\\/fira.fi\\\/en\\\/#organization\"},\"image\":{\"@id\":\"https:\\\/\\\/fira.fi\\\/en\\\/news-en\\\/finland-first-lifecycle-project-with-five-star-environmental-rating\\\/#primaryimage\"},\"thumbnailUrl\":\"https:\\\/\\\/fira.fi\\\/wp-content\\\/uploads\\\/2025\\\/11\\\/Suomen-ensimmainen-elinkaarihanke-viiden-tahden-ymparistoluokituksella.jpg\",\"articleSection\":[\"Press release\"],\"inLanguage\":\"en-US\"},{\"@type\":\"WebPage\",\"@id\":\"https:\\\/\\\/fira.fi\\\/en\\\/news-en\\\/finland-first-lifecycle-project-with-five-star-environmental-rating\\\/\",\"url\":\"https:\\\/\\\/fira.fi\\\/en\\\/news-en\\\/finland-first-lifecycle-project-with-five-star-environmental-rating\\\/\",\"name\":\"Rykmentinpuisto School and Daycare \u2013 Finland\u2019s first lifecycle project with a five-star environmental rating. | Fira\",\"isPartOf\":{\"@id\":\"https:\\\/\\\/fira.fi\\\/en\\\/#website\"},\"primaryImageOfPage\":{\"@id\":\"https:\\\/\\\/fira.fi\\\/en\\\/news-en\\\/finland-first-lifecycle-project-with-five-star-environmental-rating\\\/#primaryimage\"},\"image\":{\"@id\":\"https:\\\/\\\/fira.fi\\\/en\\\/news-en\\\/finland-first-lifecycle-project-with-five-star-environmental-rating\\\/#primaryimage\"},\"thumbnailUrl\":\"https:\\\/\\\/fira.fi\\\/wp-content\\\/uploads\\\/2025\\\/11\\\/Suomen-ensimmainen-elinkaarihanke-viiden-tahden-ymparistoluokituksella.jpg\",\"datePublished\":\"2025-11-27T08:09:04+00:00\",\"dateModified\":\"2026-03-06T13:05:51+00:00\",\"description\":\"Rakentamisen palveluyhti\u00f6 Firan ja Caverionin yhteisty\u00f6ss\u00e4 toteuttama Tuusulan Rykmentinpuiston koulu ja p\u00e4iv\u00e4koti -elinkaarihanke saavutti t\u00e4ydet viisi t\u00e4hte\u00e4 Rakennustiedon ymp\u00e4rist\u00f6luokituksessa ensimm\u00e4isen\u00e4 elinkaarihankkeena.\",\"breadcrumb\":{\"@id\":\"https:\\\/\\\/fira.fi\\\/en\\\/news-en\\\/finland-first-lifecycle-project-with-five-star-environmental-rating\\\/#breadcrumb\"},\"inLanguage\":\"en-US\",\"potentialAction\":[{\"@type\":\"ReadAction\",\"target\":[\"https:\\\/\\\/fira.fi\\\/en\\\/news-en\\\/finland-first-lifecycle-project-with-five-star-environmental-rating\\\/\"]}]},{\"@type\":\"ImageObject\",\"inLanguage\":\"en-US\",\"@id\":\"https:\\\/\\\/fira.fi\\\/en\\\/news-en\\\/finland-first-lifecycle-project-with-five-star-environmental-rating\\\/#primaryimage\",\"url\":\"https:\\\/\\\/fira.fi\\\/wp-content\\\/uploads\\\/2025\\\/11\\\/Suomen-ensimmainen-elinkaarihanke-viiden-tahden-ymparistoluokituksella.jpg\",\"contentUrl\":\"https:\\\/\\\/fira.fi\\\/wp-content\\\/uploads\\\/2025\\\/11\\\/Suomen-ensimmainen-elinkaarihanke-viiden-tahden-ymparistoluokituksella.jpg\",\"width\":960,\"height\":960,\"caption\":\"Suomen ensimm\u00e4inen elinkaarihanke viiden t\u00e4hden ymp\u00e4rist\u00f6luokituksella\"},{\"@type\":\"BreadcrumbList\",\"@id\":\"https:\\\/\\\/fira.fi\\\/en\\\/news-en\\\/finland-first-lifecycle-project-with-five-star-environmental-rating\\\/#breadcrumb\",\"itemListElement\":[{\"@type\":\"ListItem\",\"position\":1,\"name\":\"Home\",\"item\":\"https:\\\/\\\/fira.fi\\\/en\\\/\"},{\"@type\":\"ListItem\",\"position\":2,\"name\":\"Rykmentinpuisto School and Daycare \u2013 Finland\u2019s first lifecycle project with a five-star environmental rating.\"}]},{\"@type\":\"WebSite\",\"@id\":\"https:\\\/\\\/fira.fi\\\/en\\\/#website\",\"url\":\"https:\\\/\\\/fira.fi\\\/en\\\/\",\"name\":\"Fira\",\"description\":\"\",\"publisher\":{\"@id\":\"https:\\\/\\\/fira.fi\\\/en\\\/#organization\"},\"potentialAction\":[{\"@type\":\"SearchAction\",\"target\":{\"@type\":\"EntryPoint\",\"urlTemplate\":\"https:\\\/\\\/fira.fi\\\/en\\\/?s={search_term_string}\"},\"query-input\":{\"@type\":\"PropertyValueSpecification\",\"valueRequired\":true,\"valueName\":\"search_term_string\"}}],\"inLanguage\":\"en-US\"},{\"@type\":\"Organization\",\"@id\":\"https:\\\/\\\/fira.fi\\\/en\\\/#organization\",\"name\":\"Fira Oy\",\"url\":\"https:\\\/\\\/fira.fi\\\/en\\\/\",\"logo\":{\"@type\":\"ImageObject\",\"inLanguage\":\"en-US\",\"@id\":\"https:\\\/\\\/fira.fi\\\/en\\\/#\\\/schema\\\/logo\\\/image\\\/\",\"url\":\"https:\\\/\\\/fira.fi\\\/wp-content\\\/uploads\\\/2022\\\/06\\\/fira.svg\",\"contentUrl\":\"https:\\\/\\\/fira.fi\\\/wp-content\\\/uploads\\\/2022\\\/06\\\/fira.svg\",\"width\":68,\"height\":24,\"caption\":\"Fira Oy\"},\"image\":{\"@id\":\"https:\\\/\\\/fira.fi\\\/en\\\/#\\\/schema\\\/logo\\\/image\\\/\"}},{\"@type\":\"Person\",\"@id\":\"https:\\\/\\\/fira.fi\\\/en\\\/#\\\/schema\\\/person\\\/5aea85d66c262db502d6685e5fed42c3\",\"name\":\"jonasmeling\",\"image\":{\"@type\":\"ImageObject\",\"inLanguage\":\"en-US\",\"@id\":\"https:\\\/\\\/secure.gravatar.com\\\/avatar\\\/d105d103d6965b195a42c31b47703da8e4a5433c7822fddcf1de9d67e24081bb?s=96&d=mm&r=g\",\"url\":\"https:\\\/\\\/secure.gravatar.com\\\/avatar\\\/d105d103d6965b195a42c31b47703da8e4a5433c7822fddcf1de9d67e24081bb?s=96&d=mm&r=g\",\"contentUrl\":\"https:\\\/\\\/secure.gravatar.com\\\/avatar\\\/d105d103d6965b195a42c31b47703da8e4a5433c7822fddcf1de9d67e24081bb?s=96&d=mm&r=g\",\"caption\":\"jonasmeling\"}}]}<\/script>\n<!-- \/ Yoast SEO plugin. -->","yoast_head_json":{"title":"Rykmentinpuisto School and Daycare \u2013 Finland\u2019s first lifecycle project with a five-star environmental rating. | Fira","description":"Rakentamisen palveluyhti\u00f6 Firan ja Caverionin yhteisty\u00f6ss\u00e4 toteuttama Tuusulan Rykmentinpuiston koulu ja p\u00e4iv\u00e4koti -elinkaarihanke saavutti t\u00e4ydet viisi t\u00e4hte\u00e4 Rakennustiedon ymp\u00e4rist\u00f6luokituksessa ensimm\u00e4isen\u00e4 elinkaarihankkeena.","robots":{"index":"index","follow":"follow","max-snippet":"max-snippet:-1","max-image-preview":"max-image-preview:large","max-video-preview":"max-video-preview:-1"},"canonical":"https:\/\/fira.fi\/en\/news-en\/finland-first-lifecycle-project-with-five-star-environmental-rating\/","og_locale":"en_US","og_type":"article","og_title":"Rykmentinpuisto School and Daycare \u2013 Finland\u2019s first lifecycle project with a five-star environmental rating. | Fira","og_description":"Rakentamisen palveluyhti\u00f6 Firan ja Caverionin yhteisty\u00f6ss\u00e4 toteuttama Tuusulan Rykmentinpuiston koulu ja p\u00e4iv\u00e4koti -elinkaarihanke saavutti t\u00e4ydet viisi t\u00e4hte\u00e4 Rakennustiedon ymp\u00e4rist\u00f6luokituksessa ensimm\u00e4isen\u00e4 elinkaarihankkeena.","og_url":"https:\/\/fira.fi\/en\/news-en\/finland-first-lifecycle-project-with-five-star-environmental-rating\/","og_site_name":"Fira","article_published_time":"2025-11-27T08:09:04+00:00","article_modified_time":"2026-03-06T13:05:51+00:00","og_image":[{"width":960,"height":960,"url":"https:\/\/fira.fi\/wp-content\/uploads\/2025\/11\/Suomen-ensimmainen-elinkaarihanke-viiden-tahden-ymparistoluokituksella.jpg","type":"image\/jpeg"}],"author":"jonasmeling","twitter_card":"summary_large_image","twitter_misc":{"Written by":"jonasmeling","Est. reading time":"7 minutes"},"schema":{"@context":"https:\/\/schema.org","@graph":[{"@type":"Article","@id":"https:\/\/fira.fi\/en\/news-en\/finland-first-lifecycle-project-with-five-star-environmental-rating\/#article","isPartOf":{"@id":"https:\/\/fira.fi\/en\/news-en\/finland-first-lifecycle-project-with-five-star-environmental-rating\/"},"author":{"name":"jonasmeling","@id":"https:\/\/fira.fi\/en\/#\/schema\/person\/5aea85d66c262db502d6685e5fed42c3"},"headline":"Rykmentinpuisto School and Daycare \u2013 Finland\u2019s first lifecycle project with a five-star environmental rating.","datePublished":"2025-11-27T08:09:04+00:00","dateModified":"2026-03-06T13:05:51+00:00","mainEntityOfPage":{"@id":"https:\/\/fira.fi\/en\/news-en\/finland-first-lifecycle-project-with-five-star-environmental-rating\/"},"wordCount":477,"publisher":{"@id":"https:\/\/fira.fi\/en\/#organization"},"image":{"@id":"https:\/\/fira.fi\/en\/news-en\/finland-first-lifecycle-project-with-five-star-environmental-rating\/#primaryimage"},"thumbnailUrl":"https:\/\/fira.fi\/wp-content\/uploads\/2025\/11\/Suomen-ensimmainen-elinkaarihanke-viiden-tahden-ymparistoluokituksella.jpg","articleSection":["Press release"],"inLanguage":"en-US"},{"@type":"WebPage","@id":"https:\/\/fira.fi\/en\/news-en\/finland-first-lifecycle-project-with-five-star-environmental-rating\/","url":"https:\/\/fira.fi\/en\/news-en\/finland-first-lifecycle-project-with-five-star-environmental-rating\/","name":"Rykmentinpuisto School and Daycare \u2013 Finland\u2019s first lifecycle project with a five-star environmental rating. | Fira","isPartOf":{"@id":"https:\/\/fira.fi\/en\/#website"},"primaryImageOfPage":{"@id":"https:\/\/fira.fi\/en\/news-en\/finland-first-lifecycle-project-with-five-star-environmental-rating\/#primaryimage"},"image":{"@id":"https:\/\/fira.fi\/en\/news-en\/finland-first-lifecycle-project-with-five-star-environmental-rating\/#primaryimage"},"thumbnailUrl":"https:\/\/fira.fi\/wp-content\/uploads\/2025\/11\/Suomen-ensimmainen-elinkaarihanke-viiden-tahden-ymparistoluokituksella.jpg","datePublished":"2025-11-27T08:09:04+00:00","dateModified":"2026-03-06T13:05:51+00:00","description":"Rakentamisen palveluyhti\u00f6 Firan ja Caverionin yhteisty\u00f6ss\u00e4 toteuttama Tuusulan Rykmentinpuiston koulu ja p\u00e4iv\u00e4koti -elinkaarihanke saavutti t\u00e4ydet viisi t\u00e4hte\u00e4 Rakennustiedon ymp\u00e4rist\u00f6luokituksessa ensimm\u00e4isen\u00e4 elinkaarihankkeena.","breadcrumb":{"@id":"https:\/\/fira.fi\/en\/news-en\/finland-first-lifecycle-project-with-five-star-environmental-rating\/#breadcrumb"},"inLanguage":"en-US","potentialAction":[{"@type":"ReadAction","target":["https:\/\/fira.fi\/en\/news-en\/finland-first-lifecycle-project-with-five-star-environmental-rating\/"]}]},{"@type":"ImageObject","inLanguage":"en-US","@id":"https:\/\/fira.fi\/en\/news-en\/finland-first-lifecycle-project-with-five-star-environmental-rating\/#primaryimage","url":"https:\/\/fira.fi\/wp-content\/uploads\/2025\/11\/Suomen-ensimmainen-elinkaarihanke-viiden-tahden-ymparistoluokituksella.jpg","contentUrl":"https:\/\/fira.fi\/wp-content\/uploads\/2025\/11\/Suomen-ensimmainen-elinkaarihanke-viiden-tahden-ymparistoluokituksella.jpg","width":960,"height":960,"caption":"Suomen ensimm\u00e4inen elinkaarihanke viiden t\u00e4hden ymp\u00e4rist\u00f6luokituksella"},{"@type":"BreadcrumbList","@id":"https:\/\/fira.fi\/en\/news-en\/finland-first-lifecycle-project-with-five-star-environmental-rating\/#breadcrumb","itemListElement":[{"@type":"ListItem","position":1,"name":"Home","item":"https:\/\/fira.fi\/en\/"},{"@type":"ListItem","position":2,"name":"Rykmentinpuisto School and Daycare \u2013 Finland\u2019s first lifecycle project with a five-star environmental rating."}]},{"@type":"WebSite","@id":"https:\/\/fira.fi\/en\/#website","url":"https:\/\/fira.fi\/en\/","name":"Fira","description":"","publisher":{"@id":"https:\/\/fira.fi\/en\/#organization"},"potentialAction":[{"@type":"SearchAction","target":{"@type":"EntryPoint","urlTemplate":"https:\/\/fira.fi\/en\/?s={search_term_string}"},"query-input":{"@type":"PropertyValueSpecification","valueRequired":true,"valueName":"search_term_string"}}],"inLanguage":"en-US"},{"@type":"Organization","@id":"https:\/\/fira.fi\/en\/#organization","name":"Fira Oy","url":"https:\/\/fira.fi\/en\/","logo":{"@type":"ImageObject","inLanguage":"en-US","@id":"https:\/\/fira.fi\/en\/#\/schema\/logo\/image\/","url":"https:\/\/fira.fi\/wp-content\/uploads\/2022\/06\/fira.svg","contentUrl":"https:\/\/fira.fi\/wp-content\/uploads\/2022\/06\/fira.svg","width":68,"height":24,"caption":"Fira Oy"},"image":{"@id":"https:\/\/fira.fi\/en\/#\/schema\/logo\/image\/"}},{"@type":"Person","@id":"https:\/\/fira.fi\/en\/#\/schema\/person\/5aea85d66c262db502d6685e5fed42c3","name":"jonasmeling","image":{"@type":"ImageObject","inLanguage":"en-US","@id":"https:\/\/secure.gravatar.com\/avatar\/d105d103d6965b195a42c31b47703da8e4a5433c7822fddcf1de9d67e24081bb?s=96&d=mm&r=g","url":"https:\/\/secure.gravatar.com\/avatar\/d105d103d6965b195a42c31b47703da8e4a5433c7822fddcf1de9d67e24081bb?s=96&d=mm&r=g","contentUrl":"https:\/\/secure.gravatar.com\/avatar\/d105d103d6965b195a42c31b47703da8e4a5433c7822fddcf1de9d67e24081bb?s=96&d=mm&r=g","caption":"jonasmeling"}}]}},"_links":{"self":[{"href":"https:\/\/fira.fi\/en\/wp-json\/wp\/v2\/posts\/29085","targetHints":{"allow":["GET"]}}],"collection":[{"href":"https:\/\/fira.fi\/en\/wp-json\/wp\/v2\/posts"}],"about":[{"href":"https:\/\/fira.fi\/en\/wp-json\/wp\/v2\/types\/post"}],"author":[{"embeddable":true,"href":"https:\/\/fira.fi\/en\/wp-json\/wp\/v2\/users\/2"}],"replies":[{"embeddable":true,"href":"https:\/\/fira.fi\/en\/wp-json\/wp\/v2\/comments?post=29085"}],"version-history":[{"count":5,"href":"https:\/\/fira.fi\/en\/wp-json\/wp\/v2\/posts\/29085\/revisions"}],"predecessor-version":[{"id":29549,"href":"https:\/\/fira.fi\/en\/wp-json\/wp\/v2\/posts\/29085\/revisions\/29549"}],"wp:featuredmedia":[{"embeddable":true,"href":"https:\/\/fira.fi\/en\/wp-json\/wp\/v2\/media\/28946"}],"wp:attachment":[{"href":"https:\/\/fira.fi\/en\/wp-json\/wp\/v2\/media?parent=29085"}],"wp:term":[{"taxonomy":"category","embeddable":true,"href":"https:\/\/fira.fi\/en\/wp-json\/wp\/v2\/categories?post=29085"},{"taxonomy":"topic","embeddable":true,"href":"https:\/\/fira.fi\/en\/wp-json\/wp\/v2\/topic?post=29085"}],"curies":[{"name":"wp","href":"https:\/\/api.w.org\/{rel}","templated":true}]}}